{"id":91627,"date":"2012-11-22T15:14:04","date_gmt":"2012-11-22T14:14:04","guid":{"rendered":"http:\/\/www.cronacaonline.it\/public\/content\/index.php\/22\/11\/2012\/primarie-centrosinistra-idv-partecipiamo-per-sostenere-chi-sara-in-grado-di-offrire--una-vera-alternativa-al-governo-monti"},"modified":"2012-11-22T15:14:04","modified_gmt":"2012-11-22T14:14:04","slug":"primarie-centrosinistra-idv-partecipiamo-per-sostenere-chi-sara-in-grado-di-offrire-una-vera-alternativa-al-governo-monti","status":"publish","type":"post","link":"https:\/\/www.cronacaonline.it\/index.php\/2012\/11\/22\/primarie-centrosinistra-idv-partecipiamo-per-sostenere-chi-sara-in-grado-di-offrire-una-vera-alternativa-al-governo-monti\/","title":{"rendered":"Primarie centrosinistra, Idv: partecipiamo per sostenere chi sar\u00e0 in grado di offrire  una vera alternativa al governo Monti"},"content":{"rendered":"<p>L'Italia dei Valori si \u00e8 sempre collocata stabilmente nel centrosinistra, sia a livello nazionale che a livello regionale e locale. Ci\u00f2 \u00e8 avvenuto in particolar modo in Sardegna, dove&nbsp; Idv \u00e8 sempre stata una forza di governo o di opposizione perfettamente&nbsp; integrata nel centrosinistra. Un centrosinistra aperto ai movimenti della societ\u00e0 civile ma non disponibile ad alleanze con le forze politiche che hanno garantito l\u2019attuale disastrosa esperienza regionale.<\/p>\n<p>Oggi Idv riconferma questa collocazione, nella consapevolezza che nel centrosinistra \u00e8 sempre pi\u00f9 necessaria una forza politica che, come Idv, abbia una forte connotazione legalitaria e un solido programma di governo.<\/p>\n<p>Per questi motivi la Segreteria regionale dell'Italia dei Valori invita eletti, militanti e simpatizzanti a partecipare alle primarie del centrosinistra che si svolgeranno domenica prossima 25 novembre, dando sostegno a quei candidati che siano in grado, nel caso di una auspicabile vittoria del centrosinistra alle prossime elezioni, di formare un governo politico effettivamente alternativo alle logiche del Governo Monti che con i suoi provvedimenti iniqui ha fatto ricadere la crisi economica esclusivamente sui cittadini tutelando i potentati e le lobby finanziarie.<\/p>\n","protected":false},"excerpt":{"rendered":"<p>L&#8217;Italia dei Valori si \u00e8 sempre collocata stabilmente nel centrosinistra, sia a livello nazionale che a livello regionale e locale. Ci\u00f2 \u00e8 avvenuto in particolar&#8230;<\/p>\n","protected":false},"author":2,"featured_media":0,"comment_status":"closed","ping_status":"closed","sticky":false,"template":"","format":"standard","meta":[],"categories":[49],"tags":[],"_links":{"self":[{"href":"https:\/\/www.cronacaonline.it\/index.php\/wp-json\/wp\/v2\/posts\/91627"}],"collection":[{"href":"https:\/\/www.cronacaonline.it\/index.php\/wp-json\/wp\/v2\/posts"}],"about":[{"href":"https:\/\/www.cronacaonline.it\/index.php\/wp-json\/wp\/v2\/types\/post"}],"author":[{"embeddable":true,"href":"https:\/\/www.cronacaonline.it\/index.php\/wp-json\/wp\/v2\/users\/2"}],"replies":[{"embeddable":true,"href":"https:\/\/www.cronacaonline.it\/index.php\/wp-json\/wp\/v2\/comments?post=91627"}],"version-history":[{"count":0,"href":"https:\/\/www.cronacaonline.it\/index.php\/wp-json\/wp\/v2\/posts\/91627\/revisions"}],"wp:attachment":[{"href":"https:\/\/www.cronacaonline.it\/index.php\/wp-json\/wp\/v2\/media?parent=91627"}],"wp:term":[{"taxonomy":"category","embeddable":true,"href":"https:\/\/www.cronacaonline.it\/index.php\/wp-json\/wp\/v2\/categories?post=91627"},{"taxonomy":"post_tag","embeddable":true,"href":"https:\/\/www.cronacaonline.it\/index.php\/wp-json\/wp\/v2\/tags?post=91627"}],"curies":[{"name":"wp","href":"https:\/\/api.w.org\/{rel}","templated":true}]}}