{"id":91621,"date":"2012-11-26T15:14:04","date_gmt":"2012-11-26T14:14:04","guid":{"rendered":"http:\/\/www.cronacaonline.it\/public\/content\/index.php\/26\/11\/2012\/confartigianato---tre-miliardi-di-euro-per-la-sardegna-in-arrivo-dai-fondi-strutturali-europei"},"modified":"2012-11-26T15:14:04","modified_gmt":"2012-11-26T14:14:04","slug":"confartigianato-tre-miliardi-di-euro-per-la-sardegna-in-arrivo-dai-fondi-strutturali-europei","status":"publish","type":"post","link":"https:\/\/www.cronacaonline.it\/index.php\/2012\/11\/26\/confartigianato-tre-miliardi-di-euro-per-la-sardegna-in-arrivo-dai-fondi-strutturali-europei\/","title":{"rendered":"Confartigianato &#8211; Tre miliardi di euro per la Sardegna, in arrivo dai Fondi Strutturali Europei."},"content":{"rendered":"<p>Saranno 3 i miliardi di euro che nei prossimi 7 anni, apartire dal 2014, potranno arrivare in Sardegna attraverso i Fondi StrutturaliEuropei. Risorse che condizioneranno la programmazione, la spendita, le sceltee la crescita dell\u2019intera isola nel prossimo settennio .<\/p>\n<p>Ma quali sono le strade da percorrere e le valutazioni dafare affinch\u00e9 tali fondi non vengano dispersi in mille rivoli o peggio, nonvengano utilizzati? Quali saranno le opportunit\u00e0 per i cittadini, ilterritorio, le aziende e le comunit\u00e0? Quali le idee per una completacondivisione dei programmi?<\/p>\n<p>Attraverso un metodo vivace, fatto di comunicazioni ediscussioni mirate e qualificate, ne discuteranno Amministratori Locali, Universit\u00e0,Imprese e Istituzioni, in un convegno, dal titolo \u201c2014-2020 Nuova strategiadei Fondi Strutturali Europei, opportunit\u00e0 e prospettive delle PoliticheComunitarie per le Imprese\u201d, voluto per ragionare sulle principalicaratteristiche della nuova stagione di Fondi Strutturali e sulle implicazioniche ci\u00f2 comporter\u00e0 per le imprese in termini di domanda di competitivit\u00e0 einnovazione.<\/p>\n<p>L\u2019incontro, organizzato da Promocamera, Camera di Commerciodi Sassari e Confartigianato Imprese Sardegna, si svolger\u00e0 nella mattinata di venerd\u00ecprossimo, 30 novembre, a Sassari, presso la Sala Conferenze della Promocamera,a Predda Niedda, e verr\u00e0 aperto da Alessandra Giudici, Presidente Provincia diSassari, Gavino Sini, Presidente Cciaa Sassari, Luca Murgianu, Presidente ConfartigianatoImprese Sardegna, e Gianuario Pilo, Presidente Promocamera.<\/p>\n<p>Di seguito verranno analizzati 4 segmenti di discussione.<\/p>\n<p>Il primo, \u201cDa un periodo all\u2019altro della programmazioneeuropea, i passi da compiere e le opportunit\u00e0 per la Sardegna\u201d, sar\u00e0 affrontatoda Gianluca Cadeddu, Direttore del Centro Regionale di Programmazione dellaRegione e da Tonino Piludu, Presidente del Crel.<\/p>\n<p>Seguir\u00e0 il secondo, \u201cCompetitivit\u00e0 ed innovazione delleImprese nel Quadro Strategico- Comunitario, gli indirizzi del Regolamento per inuovi fondi Comunitari\u201d, affidato ad Andrea Murgia. Corresponsabile PO FESRSardegna Dg Regio \u2013 Comm. E, e da Flavio Burlizzi, Responsabile ufficioUnioncamere di Bruxelles.<\/p>\n<p>Il terzo relativo a \u201cLe cose da fare (to do list) per lepiccole imprese e nelle attivit\u00e0 di innovazione e ricerca\u201d, vedr\u00e0 discutereinsieme Andrea Benassi, Segretario Generale UEAPME, Attilio Mastino, RettoreUniversit\u00e0 di Sassari, Francesco Pigliaru, Pro Rettore Universit\u00e0 di Cagliari,e Pietro Esposito, Segretario Generale Cciaa Nord Sardegna<\/p>\n<p>Al quarto e ultimo, che affronter\u00e0 le \u201cPolitiche per losviluppo locale integrato , ed agenzie per lo sviluppo. Prospettive dellaGovernance nella Strategia Europea 2014-2020\u201d, parteciperanno Massimo Sabatini,Direttore Area Mezzogiorno di Confindustria, Francesco Garufi, CoordinatoreArea Politiche di Coesione Sociale e Mezzogiorno della Cgil, e Filippo Spanu,Segretario Confartigianato Imprese Sardegna.<\/p>\n<p>\u201cIl Punto di vista del Parlamento Europeo sul processo inatto\u201d, verr\u00e0 analizzato da <span style=\"mso-spacerun: yes;\">&nbsp;<\/span>GiommariaUggias, Parlamentare Europeo.<\/p>\n<p>Le conclusioni sono affidate a Sabina De Luca, CapoDipartimento per lo Sviluppo e la Coesione Economica del Ministero delloSviluppo Economico.<\/p>\n<p>Il coordinamento dell\u2019intero convegno \u00e8 affidato ad AlfredoFranchini, giornalista del quotidiano<span style=\"mso-spacerun: yes;\">&nbsp; <\/span>\u201cLaNuova Sardegna\u201d. Com<\/p>\n","protected":false},"excerpt":{"rendered":"<p>Saranno 3 i miliardi di euro che nei prossimi 7 anni, apartire dal 2014, potranno arrivare in Sardegna attraverso i Fondi StrutturaliEuropei. Risorse che condizioneranno&#8230;<\/p>\n","protected":false},"author":2,"featured_media":0,"comment_status":"closed","ping_status":"closed","sticky":false,"template":"","format":"standard","meta":[],"categories":[49],"tags":[],"_links":{"self":[{"href":"https:\/\/www.cronacaonline.it\/index.php\/wp-json\/wp\/v2\/posts\/91621"}],"collection":[{"href":"https:\/\/www.cronacaonline.it\/index.php\/wp-json\/wp\/v2\/posts"}],"about":[{"href":"https:\/\/www.cronacaonline.it\/index.php\/wp-json\/wp\/v2\/types\/post"}],"author":[{"embeddable":true,"href":"https:\/\/www.cronacaonline.it\/index.php\/wp-json\/wp\/v2\/users\/2"}],"replies":[{"embeddable":true,"href":"https:\/\/www.cronacaonline.it\/index.php\/wp-json\/wp\/v2\/comments?post=91621"}],"version-history":[{"count":0,"href":"https:\/\/www.cronacaonline.it\/index.php\/wp-json\/wp\/v2\/posts\/91621\/revisions"}],"wp:attachment":[{"href":"https:\/\/www.cronacaonline.it\/index.php\/wp-json\/wp\/v2\/media?parent=91621"}],"wp:term":[{"taxonomy":"category","embeddable":true,"href":"https:\/\/www.cronacaonline.it\/index.php\/wp-json\/wp\/v2\/categories?post=91621"},{"taxonomy":"post_tag","embeddable":true,"href":"https:\/\/www.cronacaonline.it\/index.php\/wp-json\/wp\/v2\/tags?post=91621"}],"curies":[{"name":"wp","href":"https:\/\/api.w.org\/{rel}","templated":true}]}}