{"id":91610,"date":"2012-11-26T15:14:04","date_gmt":"2012-11-26T14:14:04","guid":{"rendered":"http:\/\/www.cronacaonline.it\/public\/content\/index.php\/26\/11\/2012\/approvato-disciplinare-di-vendita-immobili-regionali"},"modified":"2012-11-26T15:14:04","modified_gmt":"2012-11-26T14:14:04","slug":"approvato-disciplinare-di-vendita-immobili-regionali","status":"publish","type":"post","link":"https:\/\/www.cronacaonline.it\/index.php\/2012\/11\/26\/approvato-disciplinare-di-vendita-immobili-regionali\/","title":{"rendered":"Approvato Disciplinare di vendita immobili regionali"},"content":{"rendered":"<p>\u00c9 stato approvato il nuovo 'Disciplinare' con le modalit\u00e0&nbsp; di vendita di fabbricati e alloggi di propriet\u00e0 della Regione adibiti ad abitazione. Lo ha stabilito la Giunta Regionale, nella sua ultima seduta, su proposta dell'assessore degli Enti locali, Nicola Rassu. Il provvedimento da attuazione alla legge regionale 35, modificata dall'ultima finanziaria per poter consentire la vendita degli immobili e poter riconoscere i diritti acquisiti nel corso degli anni agli attuali inquilini&nbsp; detentori&nbsp; regolari delle abitazioni.<\/p>\n<p>L'Amministrazione regionale, al fine di contenere i costi di mantenimento del suo patrimonio e per valorizzare il suo impiego, ha ritenuto necessario disciplinare la vendita di alcuni immobili con destinazione a uso abitativo in virt\u00f9 della crescita del loro numero in considerazione della riforma degli Enti agricoli, del passaggio alla Regione dei beni delle soppresse Ferrovie Meridionali sarde e della Sardegna, oltre che quelli legati ai trasferimenti&nbsp; dello Stato alla Regione, ai sensi dell'articolo 14 dello Statuto. \"Con questo provvedimento finalmente stiamo portando a conclusione un procedimento che vede coinvolte tante famiglie che da oggi potranno pensare con pi\u00f9 serenit\u00e0 al proprio futuro.<\/p>\n<p>Allo stesso tempo potremo, inoltre, raggiungere gli obiettivi di contenimento delle spese e di valorizzazione del patrimonio regionale che questa amministrazione ha da sempre portato avanti\", ha commentato l'assessore degli Enti locali Nicola Rassu. Utilizzando criteri di mercato per la loro vendita e valorizzazione, riconoscendo tuttavia , a coloro che hanno contribuito alla salvaguardia e mantenimento del patrimonio immobiliare dello stato prima e trasferito successivamente alla regione alcuni diritti acquisiti nel tempo, il Disciplinare approvato prevede norme che stabiliscono tra gli altri: i soggetti titolari alla prelazione, la determinazione del prezzo e le relative modalit\u00e0 di vendita, i criteri di acquisto come prima o seconda casa e ancora le procedura di vendita. Com<\/p>\n","protected":false},"excerpt":{"rendered":"<p>\u00c9 stato approvato il nuovo &#8216;Disciplinare&#8217; con le modalit\u00e0&nbsp; di vendita di fabbricati e alloggi di propriet\u00e0 della Regione adibiti ad abitazione. Lo ha stabilito&#8230;<\/p>\n","protected":false},"author":2,"featured_media":0,"comment_status":"closed","ping_status":"closed","sticky":false,"template":"","format":"standard","meta":[],"categories":[49],"tags":[],"_links":{"self":[{"href":"https:\/\/www.cronacaonline.it\/index.php\/wp-json\/wp\/v2\/posts\/91610"}],"collection":[{"href":"https:\/\/www.cronacaonline.it\/index.php\/wp-json\/wp\/v2\/posts"}],"about":[{"href":"https:\/\/www.cronacaonline.it\/index.php\/wp-json\/wp\/v2\/types\/post"}],"author":[{"embeddable":true,"href":"https:\/\/www.cronacaonline.it\/index.php\/wp-json\/wp\/v2\/users\/2"}],"replies":[{"embeddable":true,"href":"https:\/\/www.cronacaonline.it\/index.php\/wp-json\/wp\/v2\/comments?post=91610"}],"version-history":[{"count":0,"href":"https:\/\/www.cronacaonline.it\/index.php\/wp-json\/wp\/v2\/posts\/91610\/revisions"}],"wp:attachment":[{"href":"https:\/\/www.cronacaonline.it\/index.php\/wp-json\/wp\/v2\/media?parent=91610"}],"wp:term":[{"taxonomy":"category","embeddable":true,"href":"https:\/\/www.cronacaonline.it\/index.php\/wp-json\/wp\/v2\/categories?post=91610"},{"taxonomy":"post_tag","embeddable":true,"href":"https:\/\/www.cronacaonline.it\/index.php\/wp-json\/wp\/v2\/tags?post=91610"}],"curies":[{"name":"wp","href":"https:\/\/api.w.org\/{rel}","templated":true}]}}