{"id":91606,"date":"2012-11-28T15:14:04","date_gmt":"2012-11-28T14:14:04","guid":{"rendered":"http:\/\/www.cronacaonline.it\/public\/content\/index.php\/28\/11\/2012\/con-il-decreto-via-libera-allilva-per-altri-2-anni"},"modified":"2012-11-28T15:14:04","modified_gmt":"2012-11-28T14:14:04","slug":"con-il-decreto-via-libera-allilva-per-altri-2-anni","status":"publish","type":"post","link":"https:\/\/www.cronacaonline.it\/index.php\/2012\/11\/28\/con-il-decreto-via-libera-allilva-per-altri-2-anni\/","title":{"rendered":"Con il decreto via libera all&#8217;Ilva per altri 2 anni"},"content":{"rendered":"<p>Per 24 mesi, a decorrere dall'entrata in vigore del decreto, l'Autorizzazione Integrata Ambientale, rilasciata il 26 ottobre all'Ilva, \"esplica in ogni caso effetto\" e per ci\u00f2, dopo l'ok al decreto, \"\u00e8 in ogni caso autorizzata la prosecuzione dell'attivit\u00e0\". E' quanto prevede la bozza di decreto sull'Ilva, che l'Ansa anticipa.<\/p>\n<p>Il decreto legge \u00e8 composto da due articoli: nel primo si afferma che ''per 24 mesi, a decorrere dall'entrata in vigore del presente decreto, il provvedimento di Autorizzazione Integrata Ambientale, rilasciata in data 26 ottobre 2012 alla societ\u00e0 Ilva, con decreto del ministro dell'Ambiente Dva\/dec\/2012\/0000547, di cui alla comunicazione sulla GU del 27 ottobre 2012, n.252, da considerarsi parte integrante del presente decreto, esplica in ogni caso effetto''. Per conseguenza, ''nei limiti consentiti dal provvedimento di cui al presente comma, a decorrere dall'entrata in vigore del seguente decreto, \u00e8 in ogni caso autorizzata la prosecuzione dell'attivit\u00e0 nello stabilimento della societ\u00e0 Ilva di Taranto, per tutta la durata stabilita al periodo precedente, salvo che sia riscontrata l'inosservanza anche ad una sola delle prescrizioni impartite nel provvedimento stesso''.<\/p>\n<p>Nel secondo articolo, il governo stabilisce che ''durante il periodo di tempo di cui all'art.1, la responsabilit\u00e0 della conduzione degli impianti dello stabilimento Ilva di Taranto resta, anche ai fini dell'osservanza di ogni obbligo, di legge o disposto in via amministrativa, inerente il controllo delle emissioni, imputabile esclusivamente all'impresa titolare dell'autorizzazione all'esercizio degli stessi sotto il controllo dell'autorit\u00e0 amministrativa competente, che, alla scadenza, previa verifica dell'integrale osservanza degli obblighi di cui sopra prosegue entro 15 giorni alla conferma o alla revoca del provvedimento di autorizzazione integrata ambientale di cui al presente articolo, con ogni conseguenza prevista dalla normativa di legge''.<\/p>\n","protected":false},"excerpt":{"rendered":"<p>Per 24 mesi, a decorrere dall&#8217;entrata in vigore del decreto, l&#8217;Autorizzazione Integrata Ambientale, rilasciata il 26 ottobre all&#8217;Ilva, &#8220;esplica in ogni caso effetto&#8221; e per&#8230;<\/p>\n","protected":false},"author":2,"featured_media":0,"comment_status":"closed","ping_status":"closed","sticky":false,"template":"","format":"standard","meta":[],"categories":[49],"tags":[],"_links":{"self":[{"href":"https:\/\/www.cronacaonline.it\/index.php\/wp-json\/wp\/v2\/posts\/91606"}],"collection":[{"href":"https:\/\/www.cronacaonline.it\/index.php\/wp-json\/wp\/v2\/posts"}],"about":[{"href":"https:\/\/www.cronacaonline.it\/index.php\/wp-json\/wp\/v2\/types\/post"}],"author":[{"embeddable":true,"href":"https:\/\/www.cronacaonline.it\/index.php\/wp-json\/wp\/v2\/users\/2"}],"replies":[{"embeddable":true,"href":"https:\/\/www.cronacaonline.it\/index.php\/wp-json\/wp\/v2\/comments?post=91606"}],"version-history":[{"count":0,"href":"https:\/\/www.cronacaonline.it\/index.php\/wp-json\/wp\/v2\/posts\/91606\/revisions"}],"wp:attachment":[{"href":"https:\/\/www.cronacaonline.it\/index.php\/wp-json\/wp\/v2\/media?parent=91606"}],"wp:term":[{"taxonomy":"category","embeddable":true,"href":"https:\/\/www.cronacaonline.it\/index.php\/wp-json\/wp\/v2\/categories?post=91606"},{"taxonomy":"post_tag","embeddable":true,"href":"https:\/\/www.cronacaonline.it\/index.php\/wp-json\/wp\/v2\/tags?post=91606"}],"curies":[{"name":"wp","href":"https:\/\/api.w.org\/{rel}","templated":true}]}}