{"id":91592,"date":"2012-11-30T15:14:04","date_gmt":"2012-11-30T14:14:04","guid":{"rendered":"http:\/\/www.cronacaonline.it\/public\/content\/index.php\/30\/11\/2012\/dal-tre-dicembre-prossimo-presso-laula-magna-della-facolta-di-ingegneria-di-cagliari-incontro-pubblico-per-la-presentazione-delpiano-locale-unitario-dei-servizi-alla-persona-della-citta-di-ca"},"modified":"2012-11-30T15:14:04","modified_gmt":"2012-11-30T14:14:04","slug":"dal-tre-dicembre-prossimo-presso-laula-magna-della-facolta-di-ingegneria-di-cagliari-incontro-pubblico-per-la-presentazione-delpiano-locale-unitario-dei-servizi-alla-persona-della-citta-di-cagliari-pe","status":"publish","type":"post","link":"https:\/\/www.cronacaonline.it\/index.php\/2012\/11\/30\/dal-tre-dicembre-prossimo-presso-laula-magna-della-facolta-di-ingegneria-di-cagliari-incontro-pubblico-per-la-presentazione-delpiano-locale-unitario-dei-servizi-alla-persona-della-citta-di-cagliari-pe\/","title":{"rendered":"Dal tre dicembre prossimo presso l&#8217;aula magna della facolt\u00e0 di Ingegneria di Cagliari incontro pubblico per la presentazione delPiano Locale Unitario dei Servizi alla Persona della citt\u00e0 di Cagliari per il triennio 2012 \u2013 2014."},"content":{"rendered":"<p>Il prossimo luned\u00ec 3 dicembre 2012 presso l'aula magna della facolt\u00e0 di Ingegneria di Cagliari (ingresso via Marengo o viale Merello), dalle ore 15.00 alle ore 18.30, si terr\u00e0 un incontro pubblico per la presentazione del PLUS Piano Locale Unitario dei Servizi alla Persona della citt\u00e0 di Cagliari per il triennio 2012 \u2013 2014.<\/p>\n<p>Interverranno il sindaco Massimo Zedda, l'assessore alle politiche sociali Susanna Orr\u00f9, il presidente della Provincia Angela Quaquero e numerosi relatori.<\/p>\n<p>L'incontro \u00e8 aperto a tutti i cittadini, a quanti sono impegnati nel Terzo settore ed alle diverse rappresentanze sociali di categoria.<\/p>\n","protected":false},"excerpt":{"rendered":"<p>Il prossimo luned\u00ec 3 dicembre 2012 presso l&#8217;aula magna della facolt\u00e0 di Ingegneria di Cagliari (ingresso via Marengo o viale Merello), dalle ore 15.00 alle&#8230;<\/p>\n","protected":false},"author":2,"featured_media":0,"comment_status":"closed","ping_status":"closed","sticky":false,"template":"","format":"standard","meta":[],"categories":[49],"tags":[],"_links":{"self":[{"href":"https:\/\/www.cronacaonline.it\/index.php\/wp-json\/wp\/v2\/posts\/91592"}],"collection":[{"href":"https:\/\/www.cronacaonline.it\/index.php\/wp-json\/wp\/v2\/posts"}],"about":[{"href":"https:\/\/www.cronacaonline.it\/index.php\/wp-json\/wp\/v2\/types\/post"}],"author":[{"embeddable":true,"href":"https:\/\/www.cronacaonline.it\/index.php\/wp-json\/wp\/v2\/users\/2"}],"replies":[{"embeddable":true,"href":"https:\/\/www.cronacaonline.it\/index.php\/wp-json\/wp\/v2\/comments?post=91592"}],"version-history":[{"count":0,"href":"https:\/\/www.cronacaonline.it\/index.php\/wp-json\/wp\/v2\/posts\/91592\/revisions"}],"wp:attachment":[{"href":"https:\/\/www.cronacaonline.it\/index.php\/wp-json\/wp\/v2\/media?parent=91592"}],"wp:term":[{"taxonomy":"category","embeddable":true,"href":"https:\/\/www.cronacaonline.it\/index.php\/wp-json\/wp\/v2\/categories?post=91592"},{"taxonomy":"post_tag","embeddable":true,"href":"https:\/\/www.cronacaonline.it\/index.php\/wp-json\/wp\/v2\/tags?post=91592"}],"curies":[{"name":"wp","href":"https:\/\/api.w.org\/{rel}","templated":true}]}}