{"id":91590,"date":"2012-11-21T15:14:04","date_gmt":"2012-11-21T14:14:04","guid":{"rendered":"http:\/\/www.cronacaonline.it\/public\/content\/index.php\/21\/11\/2012\/meridiana-fly-e-sbarcata-ad-alghero-decollato-il-primo-volo-per-milano-linate"},"modified":"2012-11-21T15:14:04","modified_gmt":"2012-11-21T14:14:04","slug":"meridiana-fly-e-sbarcata-ad-alghero-decollato-il-primo-volo-per-milano-linate","status":"publish","type":"post","link":"https:\/\/www.cronacaonline.it\/index.php\/2012\/11\/21\/meridiana-fly-e-sbarcata-ad-alghero-decollato-il-primo-volo-per-milano-linate\/","title":{"rendered":"Meridiana fly \u00e8 sbarcata ad Alghero Decollato il primo volo per Milano-Linate"},"content":{"rendered":"<p>\u00c8 decollato in orario alle 7.05 di luned\u00ec mattina, con 91 passeggeri a bordo, il primo volo IG1779 Alghero-Linate, che ha sancito l\u2019avvio delle attivit\u00e0 di Meridianafly sull\u2019aeroporto di Alghero.<\/p>\n<p>Da luned\u00ec, il vettore con l\u2019anima sarda, collega quotidianamente Alghero con Milano Linate con i seguenti orari : Alghero-Linate&nbsp; partenza programmata alle ore 07.05 dal luned\u00ec al venerd\u00ec (07.50 il sabato, 19.00 la domenica) Linate-Alghero&nbsp; con decollo previsto alle ore 20.40 dal luned\u00ec al venerd\u00ec (09.40 il sabato, 21.00 la domenica).<\/p>\n<p>A Dicembre Meridianafly attiver\u00e0 sullo scalo di Alghero quattro ulteriori collegamenti:&nbsp; Napoli,&nbsp; dal 2 dicembre, che operer\u00e0 il venerd\u00ec e la domenica; Torino, dal 3 Dicembre, il luned\u00ec, mercoled\u00ec, venerd\u00ec e domenica, con l\u2019aggiunta delle frequenze di marted\u00ec, gioved\u00ec e sabato durante le festivit\u00e0 natalizie.<\/p>\n<p>Verona, dal 3 Dicembre il&nbsp; luned\u00ec, mercoled\u00ec, venerd\u00ec e domenica, con l\u2019aggiunta delle frequenze di marted\u00ec, gioved\u00ec e sabato nel periodo delle festivit\u00e0 natalizie.<\/p>\n<p>Bologna, dal 7 Dicembre il luned\u00ec, mercoled\u00ec, gioved\u00ec, venerd\u00ec e domenica.<\/p>\n<p>I collegamenti, nel solo periodo invernale, saranno diretti nella tratta di ritorno mentre, all\u2019andata, saranno combinati con l\u2019offerta di Meridianafly sullo scalo di Olbia (per Napoli, Verona e Bologna) e di Cagliari (per Torino); durante il periodo estivo, le stesse destinazioni saranno servite con voli&nbsp; non stop.<\/p>\n<p>Su tutta la programmazione sull\u2019aeroporto di Alghero, Meridianafly ha previsto tre gamme tariffarie : Basic a partire da 39,00\u20ac*: prevede l\u2019acquisto del solo volo ed ogni servizio aggiuntivo dovr\u00e0 essere acquistato a parte<\/p>\n<p>Premium a partire da 49,00\u20ac*:&nbsp;prevede la rimborsabilit\u00e0 sino a 7 gg prima della partenza, 2 bagagli in stiva da 23 Kgs, pre-assegnazione del posto, fast track, possibilit\u00e0 del cambio data con solo adeguamento tariffario.<br \/>Residenti - riservata ai residenti in Sardegna, prevede le stesse condizioni della tariffa di continuit\u00e0 territoriale. \u00c8 applicata sulle rotte da e per Milano, Bologna e Torino.<\/p>\n<p>Sullo scalo di Alghero Meridianafly operer\u00e0 nella prossima stagione Winter 2012-2013 ben 44 voli a settimana, portando l\u2019offerta complessiva dell\u2019Aeroporto a 19 destinazioni, di cui 13 nazionali e 6 internazionali. Com<\/p>\n","protected":false},"excerpt":{"rendered":"<p>\u00c8 decollato in orario alle 7.05 di luned\u00ec mattina, con 91 passeggeri a bordo, il primo volo IG1779 Alghero-Linate, che ha sancito l\u2019avvio delle attivit\u00e0&#8230;<\/p>\n","protected":false},"author":2,"featured_media":0,"comment_status":"closed","ping_status":"closed","sticky":false,"template":"","format":"standard","meta":[],"categories":[49],"tags":[],"_links":{"self":[{"href":"https:\/\/www.cronacaonline.it\/index.php\/wp-json\/wp\/v2\/posts\/91590"}],"collection":[{"href":"https:\/\/www.cronacaonline.it\/index.php\/wp-json\/wp\/v2\/posts"}],"about":[{"href":"https:\/\/www.cronacaonline.it\/index.php\/wp-json\/wp\/v2\/types\/post"}],"author":[{"embeddable":true,"href":"https:\/\/www.cronacaonline.it\/index.php\/wp-json\/wp\/v2\/users\/2"}],"replies":[{"embeddable":true,"href":"https:\/\/www.cronacaonline.it\/index.php\/wp-json\/wp\/v2\/comments?post=91590"}],"version-history":[{"count":0,"href":"https:\/\/www.cronacaonline.it\/index.php\/wp-json\/wp\/v2\/posts\/91590\/revisions"}],"wp:attachment":[{"href":"https:\/\/www.cronacaonline.it\/index.php\/wp-json\/wp\/v2\/media?parent=91590"}],"wp:term":[{"taxonomy":"category","embeddable":true,"href":"https:\/\/www.cronacaonline.it\/index.php\/wp-json\/wp\/v2\/categories?post=91590"},{"taxonomy":"post_tag","embeddable":true,"href":"https:\/\/www.cronacaonline.it\/index.php\/wp-json\/wp\/v2\/tags?post=91590"}],"curies":[{"name":"wp","href":"https:\/\/api.w.org\/{rel}","templated":true}]}}