{"id":91540,"date":"2012-11-23T15:14:04","date_gmt":"2012-11-23T14:14:04","guid":{"rendered":"http:\/\/www.cronacaonline.it\/public\/content\/index.php\/23\/11\/2012\/carceri-mamma-orgosolo-a-sdr-aiutatemi-a-salvare-mio-figlio"},"modified":"2012-11-23T15:14:04","modified_gmt":"2012-11-23T14:14:04","slug":"carceri-mamma-orgosolo-a-sdr-aiutatemi-a-salvare-mio-figlio","status":"publish","type":"post","link":"https:\/\/www.cronacaonline.it\/index.php\/2012\/11\/23\/carceri-mamma-orgosolo-a-sdr-aiutatemi-a-salvare-mio-figlio\/","title":{"rendered":"Carceri: mamma Orgosolo a Sdr \u201caiutatemi a salvare mio figlio\u201d"},"content":{"rendered":"<p> \u201cAiutatemi a salvare la vita di mio figlio. Ha perso 12 chili in poco pi\u00f9 di un mese. Un dimagrimento che lo ha ridotto in condizioni penose. Ha appena 28 anni e per la distanza non lo vediamo da circa un anno. Siamo disperati\u201d. Sono le parole con cui una madre di Orgosolo si \u00e8 rivolta all\u2019associazione \u201cSocialismo Diritti Riforme\u201d, presieduta da Maria Grazia Caligaris, per manifestare l\u2019esigenza che il ragazzo P.U. torni in Sardegna per scontare la pena inflittagli.<\/p>\n<p>&nbsp;\u201cLe condizioni economiche della famiglia e lo stato di salute del padre non ci permettono di poter effettuare i colloqui regolarmente \u2013 ha detto la donna che pi\u00f9 volte nel corso dell\u2019accorato appello ha fatto cenno alla volont\u00e0 autolesionistica manifestata dal ragazzo nell\u2019ultima telefonata alla famiglia. Le condizioni di salute di mio figlio hanno destato preoccupazione tra i medici dell\u2019infermeria dell\u2019Istituto Penitenziario di Viterbo inducendoli a prescrivergli dei farmaci e a fissare una nuova visita il prossimo 30 novembre\u201d.<\/p>\n<p>\u201cNostro figlio \u00e8 stato condannato \u2013 ha sottolineato la donna \u2013 per gli errori commessi a una pena detentiva che sta scontando ma non possiamo accettare di avvertire nella sua voce e attraverso le sue parole una cos\u00ec grande disperazione. Abbiamo molta paura per la sua incolumit\u00e0. Le parole che pronuncia al telefono ci fanno ritenere che non sia pi\u00f9 in grado di reggere la distanza dalla sua famiglia\u201d.<\/p>\n<p>&nbsp;\u201cIl caso di P. U. \u2013 sottolinea la presidente di SdR \u2013 ancora una volta evidenzia la necessit\u00e0 che il Dipartimento rispetti il principio di territorialit\u00e0 della pena soprattutto quando si tratta di persone giovani. La lontananza dalla famiglia infatti accentua il disagio rendendolo talvolta insostenibile e generando quelle condizioni psicologiche che spesso diventano l\u2019anticamera di stress incontrollabili. Dare una possibilit\u00e0 anche temporanea di permanenza significa consentire a queste persone di riabilitarsi e ritrovare l\u2019equilibrio divenuto ormai precario. Vuol dire inoltre alleviare il grave disagio delle famiglie specialmente quando sono monoreddito e con problematiche di carattere sanitario come in questo caso\u201d.<\/p>\n<p>&nbsp;\u201cP.U. \u2013 ricorda Caligaris \u2013 \u00e8 detenuto da quasi 5 anni. Dopo lo sfollamento della Casa Circondariale di Ferrara, in seguito al sisma, \u00e8 stato trasferito a Viterbo. In attesa di giudizio definitivo, viene in Sardegna in occasione delle udienze ma non gli mai stato consentito di poter restare nell\u2019isola. L\u2019ultima volta non ha neppure potuto effettuare i colloqui con i familiari\u201d.<\/p>\n<p>&nbsp;\u201cNella risposta fornita all\u2019associazione dall\u2019Ufficio del Capo del Dipartimento lo scorso mese di agosto si evidenziava la \u201cspiccata pericolosit\u00e0\u201d di P.U. ma a distanza di alcuni mesi e in considerazione delle oggettive difficolt\u00e0 a reggere la detenzione cos\u00ec lontano da casa, esprimiamo l\u2019auspicio \u2013 conclude la presidente di SdR \u2013 che in occasione dell\u2019udienza del 7 dicembre prossimo sia presa in considerazione l\u2019ipotesi di un periodo di permanenza nel carcere di Nuoro almeno per effettuare i colloqui con i parenti. Riteniamo che la rieducazione di un ragazzo possa dare un migliore risultato se associata all\u2019ambiente in cui \u00e8 nato e cresciuto e dove dovr\u00e0 tornare a vivere una volta scontata la pena\u201d. Com<\/p>\n","protected":false},"excerpt":{"rendered":"<p>\u201cAiutatemi a salvare la vita di mio figlio. Ha perso 12 chili in poco pi\u00f9 di un mese. Un dimagrimento che lo ha ridotto in&#8230;<\/p>\n","protected":false},"author":2,"featured_media":0,"comment_status":"closed","ping_status":"closed","sticky":false,"template":"","format":"standard","meta":[],"categories":[49],"tags":[],"_links":{"self":[{"href":"https:\/\/www.cronacaonline.it\/index.php\/wp-json\/wp\/v2\/posts\/91540"}],"collection":[{"href":"https:\/\/www.cronacaonline.it\/index.php\/wp-json\/wp\/v2\/posts"}],"about":[{"href":"https:\/\/www.cronacaonline.it\/index.php\/wp-json\/wp\/v2\/types\/post"}],"author":[{"embeddable":true,"href":"https:\/\/www.cronacaonline.it\/index.php\/wp-json\/wp\/v2\/users\/2"}],"replies":[{"embeddable":true,"href":"https:\/\/www.cronacaonline.it\/index.php\/wp-json\/wp\/v2\/comments?post=91540"}],"version-history":[{"count":0,"href":"https:\/\/www.cronacaonline.it\/index.php\/wp-json\/wp\/v2\/posts\/91540\/revisions"}],"wp:attachment":[{"href":"https:\/\/www.cronacaonline.it\/index.php\/wp-json\/wp\/v2\/media?parent=91540"}],"wp:term":[{"taxonomy":"category","embeddable":true,"href":"https:\/\/www.cronacaonline.it\/index.php\/wp-json\/wp\/v2\/categories?post=91540"},{"taxonomy":"post_tag","embeddable":true,"href":"https:\/\/www.cronacaonline.it\/index.php\/wp-json\/wp\/v2\/tags?post=91540"}],"curies":[{"name":"wp","href":"https:\/\/api.w.org\/{rel}","templated":true}]}}