{"id":91475,"date":"2012-11-22T15:14:04","date_gmt":"2012-11-22T14:14:04","guid":{"rendered":"http:\/\/www.cronacaonline.it\/public\/content\/index.php\/22\/11\/2012\/dopo-laccordo-sulla-produttivita-vendola-dichiara-la-flessibilita-maschera-precarieta-e-salari-piu-bassi"},"modified":"2012-11-22T15:14:04","modified_gmt":"2012-11-22T14:14:04","slug":"dopo-laccordo-sulla-produttivita-vendola-dichiara-la-flessibilita-maschera-precarieta-e-salari-piu-bassi","status":"publish","type":"post","link":"https:\/\/www.cronacaonline.it\/index.php\/2012\/11\/22\/dopo-laccordo-sulla-produttivita-vendola-dichiara-la-flessibilita-maschera-precarieta-e-salari-piu-bassi\/","title":{"rendered":"Dopo l&#8217;accordo sulla produttivit\u00e0 Vendola dichiara: &#8220;La flessibilit\u00e0 maschera precariet\u00e0 e salari pi\u00f9 bassi&#8221;"},"content":{"rendered":"<p>\"Ancora flessibilit\u00e0, precariet\u00e0, riduzione del potere negoziale dei lavoratori? In Italia si lavora poco? Il punto non \u00e8 legato ai mancati investimenti su innovazione e prodotto? La politica industriale non avrebbe dovuto essere fatta indirizzando verso l'innovazione?\". Non ci sta, Nichi Vendola, candidato alle primarie del centrosinistra: l'accordo sulla produttivit\u00e0 a suo avviso maschera una realt\u00e0 scomoda e ineludibile, l'impoverimento dei lavoratori.<\/p>\n<p>Ospite di Corradino Mineo a Rainews, Vendola contesta l'idea che \"un lavoro stabile e competente, che non vive in permanente angoscia per il futuro\" non possa \"essere fattore di competivit\u00e0. L'idea che dare un colpo alla contrattazione nazionale spostando risorse verso i contratti aziendali - ci dice la Camusso - nasconde salari pi\u00f9 bassi.&nbsp; Questa \u00e8 la verit\u00e0\".<\/p>\n<p>\"L'Europa non c'\u00e8 se salta il Welfare - dice Vendola guardando alla Grecia - Che Europa \u00e8 quel continente che tace sui missili di Gaza e sui razzi su Gerusalemme? Non dovrebbe restituire il Nobel della pace? LA tregua \u00e8 stata firmata da Clinton e Morsi: dov'\u00e8 l'Europa? Dove \u00e8 l'Europa in Siria? Si ha il sospetto che l'Europa tuteli di pi\u00f9 i diritti umani quando sono vicini ai pozzi di petrolio\".<\/p>\n<p>\"Non possiamo non vedere la pagliuzza nell'occhio del centrosinistra: la questione morale spesso ha bussato anche alla nostra porta, dobbiamo essere intransigenti su questo. Ma per 15 anni avevamo la lezioncina sulla bont\u00e0 del federalismo: improvvisamente si mette in discussione l'idea stessa di decentramento dei poteri dello stato. Dobbiamo mettere a fuoco i problemi della corruzione. che non \u00e8 solo arricchirsi con il denaro pubblico, ma comincia quando la politica si inginocchia ai poteri forti\" <br \/>\"I governi, sia quello berlusconiano che quello tecnico sembrano lavorare per la divisione del sindacato\", aveva detto poco prima lo stesso Vendola ai microfoni di Radio Anch'io dopo la sua sulla mancata firma della Cgil sull'accordo per la competitivit\u00e0. E punta il dito sul Governo Monti.<\/p>\n<p>L'accordo raggiunto ieri sera a palazzo Chigi sulla produttivit\u00e0 \"\u00e8 un provvedimento preso pi\u00f9 negli interessi del sistema bancario che del lavoro: le banche hanno un problema di esuberi, ma si scarica sempre ogni elemento di crisi sul mondo del lavoro e non si affronta il problema della retribuzione dei manager\".<\/p>\n<p>Per Vendola \"un governo deve essere capace di interloquire con tutte le forze: ho nostalgia di un ministro del Lavoro democristiano come Donat Cattin che diceva di essere non il ministro del lavoro ma il ministro dei lavoratori e mandava i carabinieri a prendere i dirigenti della Fiat per portarli a palazzo Chigi e costringersi a sedersi al tavolo del negoziato\".<br \/>Non bastasse, questo governo ha cercato di \"mettere la museruola all'Inps\" per impedirle di rendere noti i veri dati sugli esodati. \"Ci sono 150mila esodati a cui bisogna dare risposte. Sembrava che bisognasse mettere la museruola all'Inps perch\u00e9 non dicesse quale fosse la realt\u00e0. Per un governo di tecnici una tale sciatteria contabile non \u00e8 cosa da poco\", ha spiegato Vendola.<\/p>\n","protected":false},"excerpt":{"rendered":"<p>&#8220;Ancora flessibilit\u00e0, precariet\u00e0, riduzione del potere negoziale dei lavoratori? In Italia si lavora poco? Il punto non \u00e8 legato ai mancati investimenti su innovazione e&#8230;<\/p>\n","protected":false},"author":2,"featured_media":0,"comment_status":"closed","ping_status":"closed","sticky":false,"template":"","format":"standard","meta":[],"categories":[49],"tags":[],"_links":{"self":[{"href":"https:\/\/www.cronacaonline.it\/index.php\/wp-json\/wp\/v2\/posts\/91475"}],"collection":[{"href":"https:\/\/www.cronacaonline.it\/index.php\/wp-json\/wp\/v2\/posts"}],"about":[{"href":"https:\/\/www.cronacaonline.it\/index.php\/wp-json\/wp\/v2\/types\/post"}],"author":[{"embeddable":true,"href":"https:\/\/www.cronacaonline.it\/index.php\/wp-json\/wp\/v2\/users\/2"}],"replies":[{"embeddable":true,"href":"https:\/\/www.cronacaonline.it\/index.php\/wp-json\/wp\/v2\/comments?post=91475"}],"version-history":[{"count":0,"href":"https:\/\/www.cronacaonline.it\/index.php\/wp-json\/wp\/v2\/posts\/91475\/revisions"}],"wp:attachment":[{"href":"https:\/\/www.cronacaonline.it\/index.php\/wp-json\/wp\/v2\/media?parent=91475"}],"wp:term":[{"taxonomy":"category","embeddable":true,"href":"https:\/\/www.cronacaonline.it\/index.php\/wp-json\/wp\/v2\/categories?post=91475"},{"taxonomy":"post_tag","embeddable":true,"href":"https:\/\/www.cronacaonline.it\/index.php\/wp-json\/wp\/v2\/tags?post=91475"}],"curies":[{"name":"wp","href":"https:\/\/api.w.org\/{rel}","templated":true}]}}