{"id":91456,"date":"2012-11-27T15:14:04","date_gmt":"2012-11-27T14:14:04","guid":{"rendered":"http:\/\/www.cronacaonline.it\/public\/content\/index.php\/27\/11\/2012\/amministrazione-comunale-di-olmedo-in-aiuto-delle-poverta-estreme"},"modified":"2012-11-27T15:14:04","modified_gmt":"2012-11-27T14:14:04","slug":"amministrazione-comunale-di-olmedo-in-aiuto-delle-poverta-estreme","status":"publish","type":"post","link":"https:\/\/www.cronacaonline.it\/index.php\/2012\/11\/27\/amministrazione-comunale-di-olmedo-in-aiuto-delle-poverta-estreme\/","title":{"rendered":"Amministrazione comunale di Olmedo in aiuto delle povert\u00e0 estreme."},"content":{"rendered":"<p>Nell\u2019ambito dei programmi regionali dedicati al disagio economico e per supportare le famiglie socialmente deboli l\u2019amministrazione ha messo in atto con la determinazione n. 346 del 31 ottobre 2012 la \"Realizzazione di azioni di contrasto alla povert\u00e0\". Si tratta di interventi erogati mediante sussidi, attivazione del percorso di Servizio Civico e abbattimento delle spese correnti al fine di supportare i nuclei olmedesi con redditi insufficienti. \u201cIl periodo di crisi che stiamo vivendo \u2013 ha spiegato il sindaco Marcello Diez \u2013 ci impone di portare avanti con celerit\u00e0 questo tipo di provvedimenti al fine di concedere un minimo di serenit\u00e0 o quantomeno scongiurare la disperazione in tante famiglie\u201d. <\/p>\n<p>I provvedimenti previsti seguono le tre linee guida individuate dalla regione Sardegna:&nbsp; Concessione di sussidi nella misura massima di 250,00 euro per un periodo non superiore ai 12 mesi in favore di persone e nuclei familiari in condizioni di accertata povert\u00e0 - sia essa duratura o temporanea; concessione di contributi in misura non superiore a 300 euro mensili, e comunque in misura non superiore a 3.000,00 euro in un anno, quale aiuto per far fronte all'abbattimento dei costi dei servizi essenziali; concessione di sussidi, per un ammontare massimo di 640,00 euro mensili, per lo svolgimento del Servizio Civico Comunale, corrispondente ad 80 ore al mese. Obiettivo del Servizio Civico Comunale \u00e8 valorizzare le capacit\u00e0 del lavoratore e restituire una Olmedo pi\u00f9 vivibile e con pi\u00f9 servizi ai suoi cittadini.<\/p>\n<p>Gli interessati agli interventi promossi dall\u2019amministrazione dovranno compilare i moduli scaricabili dal sito web del Comune o reperibili presso l\u2019ufficio dei Servizi Socio Culturali in Via Kennedy, 26. Le domande dovranno pervenire al protocollo entro venerd\u00ec 30 novembre alle ore 13. I partecipanti potranno richiedere una sola forma di contributo in quanto gli interventi non sono cumulabili.&nbsp; Com-red<\/p>\n","protected":false},"excerpt":{"rendered":"<p>Nell\u2019ambito dei programmi regionali dedicati al disagio economico e per supportare le famiglie socialmente deboli l\u2019amministrazione ha messo in atto con la determinazione n. 346&#8230;<\/p>\n","protected":false},"author":2,"featured_media":0,"comment_status":"closed","ping_status":"closed","sticky":false,"template":"","format":"standard","meta":[],"categories":[49],"tags":[],"_links":{"self":[{"href":"https:\/\/www.cronacaonline.it\/index.php\/wp-json\/wp\/v2\/posts\/91456"}],"collection":[{"href":"https:\/\/www.cronacaonline.it\/index.php\/wp-json\/wp\/v2\/posts"}],"about":[{"href":"https:\/\/www.cronacaonline.it\/index.php\/wp-json\/wp\/v2\/types\/post"}],"author":[{"embeddable":true,"href":"https:\/\/www.cronacaonline.it\/index.php\/wp-json\/wp\/v2\/users\/2"}],"replies":[{"embeddable":true,"href":"https:\/\/www.cronacaonline.it\/index.php\/wp-json\/wp\/v2\/comments?post=91456"}],"version-history":[{"count":0,"href":"https:\/\/www.cronacaonline.it\/index.php\/wp-json\/wp\/v2\/posts\/91456\/revisions"}],"wp:attachment":[{"href":"https:\/\/www.cronacaonline.it\/index.php\/wp-json\/wp\/v2\/media?parent=91456"}],"wp:term":[{"taxonomy":"category","embeddable":true,"href":"https:\/\/www.cronacaonline.it\/index.php\/wp-json\/wp\/v2\/categories?post=91456"},{"taxonomy":"post_tag","embeddable":true,"href":"https:\/\/www.cronacaonline.it\/index.php\/wp-json\/wp\/v2\/tags?post=91456"}],"curies":[{"name":"wp","href":"https:\/\/api.w.org\/{rel}","templated":true}]}}