{"id":91425,"date":"2012-11-22T15:14:04","date_gmt":"2012-11-22T14:14:04","guid":{"rendered":"http:\/\/www.cronacaonline.it\/public\/content\/index.php\/22\/11\/2012\/fondi-europei---liori-confermato-il-target-di-spesa-intermedio"},"modified":"2012-11-22T15:14:04","modified_gmt":"2012-11-22T14:14:04","slug":"fondi-europei-liori-confermato-il-target-di-spesa-intermedio","status":"publish","type":"post","link":"https:\/\/www.cronacaonline.it\/index.php\/2012\/11\/22\/fondi-europei-liori-confermato-il-target-di-spesa-intermedio\/","title":{"rendered":"Fondi europei &#8211; Liori: &#8216;Confermato il target di spesa intermedio&#8217;"},"content":{"rendered":"<p>\u201cCome gi\u00e0 accaduto nel 2011, prima volta nella storia dei POR regionali, abbiamo confermato e superato il target di spesa intermedio ed anche le previsioni per dicembre 2012 confermano il trend positivo\u201d. Lo ha dichiarato l\u2019assessore del Lavoro, Antonello Liori, comunicando che il target di spesa del PO FSE (gestito dall\u2019Assessorato del Lavoro) per ottobre 2012 era di 348 milioni di euro, mentre la spesa certificata \u00e8 stata di oltre 371, superiore di ben 23 milioni.<\/p>\n<p>\u201cSu un target richiesto obbligatorio del 47,8%, la Sardegna \u00e8 arrivata al 51%, seconda in Italia solo all\u2019Emilia Romagna (56.2%) - ha aggiunto Liori - Un risultato che ci consentir\u00e0 di non perdere neanche un euro di finanziamento e che assume maggiore valenza considerando le problematiche del patto di stabilit\u00e0 che pongono grossi limiti alla spesa\u201d.<\/p>\n<p>\u201cIl PO FSE, con 729 milioni di euro di dotazione, \u00e8 un\u2019importante opportunit\u00e0 che la Sardegna non pu\u00f2 vanificare \u2013 ha sottolineato l\u2019Assessore - Dimostrando una buona capacit\u00e0 di spesa e rispettando i target imposti dal\u2019Europa, abbiamo realizzato interventi che hanno consentito alla Sardegna di contrastare le difficolt\u00e0 della crisi. La buona spendita dei fondi europei \u00e8 un obiettivo strategico al quale non possiamo sottrarci. Proseguire con una gestione virtuosa ci consentir\u00e0 di accelerare e completare i programmi cofinanziati, evitando di perdere importanti risorse comunitarie in questo delicato momento socio-economico per la nostra Isola. E\u2019, perci\u00f2, opportuno riprogrammare le politiche da attuare in futuro, soprattutto puntando alla creazione di nuove opportunit\u00e0 di lavoro\u201d.<\/p>\n","protected":false},"excerpt":{"rendered":"<p>\u201cCome gi\u00e0 accaduto nel 2011, prima volta nella storia dei POR regionali, abbiamo confermato e superato il target di spesa intermedio ed anche le previsioni&#8230;<\/p>\n","protected":false},"author":2,"featured_media":0,"comment_status":"closed","ping_status":"closed","sticky":false,"template":"","format":"standard","meta":[],"categories":[49],"tags":[],"_links":{"self":[{"href":"https:\/\/www.cronacaonline.it\/index.php\/wp-json\/wp\/v2\/posts\/91425"}],"collection":[{"href":"https:\/\/www.cronacaonline.it\/index.php\/wp-json\/wp\/v2\/posts"}],"about":[{"href":"https:\/\/www.cronacaonline.it\/index.php\/wp-json\/wp\/v2\/types\/post"}],"author":[{"embeddable":true,"href":"https:\/\/www.cronacaonline.it\/index.php\/wp-json\/wp\/v2\/users\/2"}],"replies":[{"embeddable":true,"href":"https:\/\/www.cronacaonline.it\/index.php\/wp-json\/wp\/v2\/comments?post=91425"}],"version-history":[{"count":0,"href":"https:\/\/www.cronacaonline.it\/index.php\/wp-json\/wp\/v2\/posts\/91425\/revisions"}],"wp:attachment":[{"href":"https:\/\/www.cronacaonline.it\/index.php\/wp-json\/wp\/v2\/media?parent=91425"}],"wp:term":[{"taxonomy":"category","embeddable":true,"href":"https:\/\/www.cronacaonline.it\/index.php\/wp-json\/wp\/v2\/categories?post=91425"},{"taxonomy":"post_tag","embeddable":true,"href":"https:\/\/www.cronacaonline.it\/index.php\/wp-json\/wp\/v2\/tags?post=91425"}],"curies":[{"name":"wp","href":"https:\/\/api.w.org\/{rel}","templated":true}]}}