{"id":91397,"date":"2012-11-30T15:14:04","date_gmt":"2012-11-30T14:14:04","guid":{"rendered":"http:\/\/www.cronacaonline.it\/public\/content\/index.php\/30\/11\/2012\/confartigianato---2014-2020-nuova-stagione-dei-fondi-strutturali-europei-opportunita-e-prospettive-delle-politiche-comunitarie-per-le-imprese-a-sassari---sala-convegni-promocamera"},"modified":"2012-11-30T15:14:04","modified_gmt":"2012-11-30T14:14:04","slug":"confartigianato-2014-2020-nuova-stagione-dei-fondi-strutturali-europei-opportunita-e-prospettive-delle-politiche-comunitarie-per-le-imprese-a-sassari-sala-convegni-promocamera","status":"publish","type":"post","link":"https:\/\/www.cronacaonline.it\/index.php\/2012\/11\/30\/confartigianato-2014-2020-nuova-stagione-dei-fondi-strutturali-europei-opportunita-e-prospettive-delle-politiche-comunitarie-per-le-imprese-a-sassari-sala-convegni-promocamera\/","title":{"rendered":"Confartigianato &#8211; \u201c2014-2020 Nuova stagione dei Fondi strutturali Europei, opportunit\u00e0 e prospettive delle Politiche Comunitarie per le Imprese\u201d a Sassari &#8211; Sala Convegni Promocamera."},"content":{"rendered":"<p>Istituzioni, politica, universit\u00e0 e imprese si sono confrontate questa mattina a Sassari, su prospettive e opportunit\u00e0 che le politiche comunitarie avranno sullo sviluppo delle attivit\u00e0 produttive e dei territori della Sardegna, alla luce dei circa quattro miliardi di Fondi Strutturali Europei, che arriveranno nell\u2019isola nel settennio 2014-2020, e che per 80% andranno su ricerca, innovazione, competitivit\u00e0 e abbattimento dei gas climalteranti. <\/p>\n<p>Il Convegno Regionale \u201c2014-2020 Nuova strategia dei Fondi Strutturali Europei, opportunit\u00e0 e prospettive delle Politiche Comunitarie per le Imprese\u201d, svoltosi presso la Sala Convegni della Promocamera, organizzato da Camera di Commercio di Sassari e Confartigianato Sardegna e coordinato dal giornalista de \u201cLa Nuova Sardegna\u201d, Alfredo Franchini, \u00e8 stato aperto dagli interventi di Alessandra Giudici, Presidente Provincia di Sassari, Gavino Sini, Presidente CCIAA Sassari, Luca Murgianu, Presidente Confartigianato Imprese Sardegna, e Gianuario Pilo, Presidente Promocamera. Tutti hanno sottolineato come le risorse in arrivo potranno e dovranno condizionare la programmazione, la spendita, le scelte e la crescita dell\u2019intera isola fino al 2020. E\u2019 stato hanno ribadito come sia urgente ragionare sulle principali caratteristiche della nuova stagione di Fondi Strutturali e sulle implicazioni che ci\u00f2 comporter\u00e0 per le imprese in termini di domanda di competitivit\u00e0 e innovazione.<\/p>\n<p>Filippo Spanu, Segretario Regionale di Confartigianato Imprese Sardegna, introducendo i lavori della giornata, ha disegnato una panoramica della situazione della futura programmazione. Com<\/p>\n","protected":false},"excerpt":{"rendered":"<p>Istituzioni, politica, universit\u00e0 e imprese si sono confrontate questa mattina a Sassari, su prospettive e opportunit\u00e0 che le politiche comunitarie avranno sullo sviluppo delle attivit\u00e0&#8230;<\/p>\n","protected":false},"author":2,"featured_media":0,"comment_status":"closed","ping_status":"closed","sticky":false,"template":"","format":"standard","meta":[],"categories":[49],"tags":[],"_links":{"self":[{"href":"https:\/\/www.cronacaonline.it\/index.php\/wp-json\/wp\/v2\/posts\/91397"}],"collection":[{"href":"https:\/\/www.cronacaonline.it\/index.php\/wp-json\/wp\/v2\/posts"}],"about":[{"href":"https:\/\/www.cronacaonline.it\/index.php\/wp-json\/wp\/v2\/types\/post"}],"author":[{"embeddable":true,"href":"https:\/\/www.cronacaonline.it\/index.php\/wp-json\/wp\/v2\/users\/2"}],"replies":[{"embeddable":true,"href":"https:\/\/www.cronacaonline.it\/index.php\/wp-json\/wp\/v2\/comments?post=91397"}],"version-history":[{"count":0,"href":"https:\/\/www.cronacaonline.it\/index.php\/wp-json\/wp\/v2\/posts\/91397\/revisions"}],"wp:attachment":[{"href":"https:\/\/www.cronacaonline.it\/index.php\/wp-json\/wp\/v2\/media?parent=91397"}],"wp:term":[{"taxonomy":"category","embeddable":true,"href":"https:\/\/www.cronacaonline.it\/index.php\/wp-json\/wp\/v2\/categories?post=91397"},{"taxonomy":"post_tag","embeddable":true,"href":"https:\/\/www.cronacaonline.it\/index.php\/wp-json\/wp\/v2\/tags?post=91397"}],"curies":[{"name":"wp","href":"https:\/\/api.w.org\/{rel}","templated":true}]}}