{"id":91380,"date":"2012-11-29T15:14:04","date_gmt":"2012-11-29T14:14:04","guid":{"rendered":"http:\/\/www.cronacaonline.it\/public\/content\/index.php\/29\/11\/2012\/il-progetto-le-guide-dei-comuni-della-gallura-edito-da---carlo-delfino-e-stato-presentato-oggi-in-provincia"},"modified":"2012-11-29T15:14:04","modified_gmt":"2012-11-29T14:14:04","slug":"il-progetto-le-guide-dei-comuni-della-gallura-edito-da-carlo-delfino-e-stato-presentato-oggi-in-provincia","status":"publish","type":"post","link":"https:\/\/www.cronacaonline.it\/index.php\/2012\/11\/29\/il-progetto-le-guide-dei-comuni-della-gallura-edito-da-carlo-delfino-e-stato-presentato-oggi-in-provincia\/","title":{"rendered":"Il progetto \u201cLe guide dei Comuni della Gallura\u201d edito da   Carlo Delfino, \u00e8 stato presentato oggi in Provincia."},"content":{"rendered":"<p>L'isola in tasca \u00e8 l'idea che sta alla base delle monografie dedicate ad ogni comune della Sardegna, progetto che sta realizzando l\u2019editore Carla Delfino e che vuole avere anche la Gallura nel suo carnet. Oggi la presentazione in Provincia alla presenza dello stesso Delfino e degli Assessori alla Cultura, Istruzione e Sport Giovanni Pileri e Turismo e Bilancio, Salvatore Marrone.<\/p>\n<p>Si parte da un progetto cartaceo per poi passare al web dove, chi aderir\u00e0, potr\u00e0 godere di una serie di informazioni molto pi\u00f9 dettagliate che potranno essere implementate ed aggiornate&nbsp; strada facendo e messe a disposizione di tutti. Luoghi , spiagge, siti di pregio in primo piano, ma anche eventi e tanto altro, il tutto compatibile con gli smartphone che utilizzano sistemi Apple, Android, Windows phone e cos\u00ec via. Il progetto, che sar\u00e0 online da marzo 2013, vuole essere anche una grande vetrina per le aziende che troveranno spazio sia nelle guide cartacee che sul web. Inizialmente sul portale saranno presenti tutti i comuni, anche chi non ha aderito al progetto, con una serie di informazioni standard.<\/p>\n<p>&nbsp;\u201c\u00c8 il coronamento di un lavoro che dura da decenni \u2013 ha spiegato l\u2019Assessore Pileri - Ora che si va verso la spersonalizzazione dei territori , la valorizzazione della cultura e' qualcosa che non dobbiamo dimenticare. E\u2019 un&nbsp; progetto di pregio perch\u00e9 in ogni guida entrano tutti gli aspetti : tra questi l\u2019ambiente, la cultura, l\u2019 enogastronomia, le guide poi hanno un formato molto accattivante , si riesce a leggere con facilit\u00e0 tutto quello che c'\u00e8' da sapere su ogni comune\u201d.<\/p>\n<p>\u201cEstendo l'invito a partecipare al progetto a tutti i comuni in modo che le collane vengano pubblicate quanto prima\u201d, ha aggiunto l\u2019Assessore Marrone.<\/p>\n<p>A spiegare l\u2019idea di fondo lo stesso editore: \u201cIl sogno e' quello di realizzare 377 guide \u2013 ha detto Carlo Delfino - una specie di carta d'identit\u00e0 di ciascun comune della Sardegna, ecco perch\u00e9 abbiamo chiamato il progetto Forza Paris, ci saranno tutte le informazioni utili dei comuni, tutti i valori materiali ed immateriali , ci saranno i riferimenti sulle pro loco, le opportunit\u00e0 relative all\u2019ospitalit\u00e0 , l'artigianato, le produzioni, i servizi, i centri culturali, le strutture sportive, insomma dentro le guide c'\u00e8 tutto. Si vuole promuovere l'isola a 360 gradi. Poi le guide andranno in tutte le edicole della Sardegna , in tutte le librerie, in tutte le pro loco, nei circoli dei sardi in Italia e all\u2019estero. \u00c8' un progetto ambizioso che ci impegner\u00e0 negli anni.<\/p>\n<p>Tutto questo poi andr\u00e0 su un portale web da noi curato ed ogni cosa sar\u00e0 messa in rete\u201d. Com<\/p>\n","protected":false},"excerpt":{"rendered":"<p>L&#8217;isola in tasca \u00e8 l&#8217;idea che sta alla base delle monografie dedicate ad ogni comune della Sardegna, progetto che sta realizzando l\u2019editore Carla Delfino e&#8230;<\/p>\n","protected":false},"author":2,"featured_media":0,"comment_status":"closed","ping_status":"closed","sticky":false,"template":"","format":"standard","meta":[],"categories":[49],"tags":[],"_links":{"self":[{"href":"https:\/\/www.cronacaonline.it\/index.php\/wp-json\/wp\/v2\/posts\/91380"}],"collection":[{"href":"https:\/\/www.cronacaonline.it\/index.php\/wp-json\/wp\/v2\/posts"}],"about":[{"href":"https:\/\/www.cronacaonline.it\/index.php\/wp-json\/wp\/v2\/types\/post"}],"author":[{"embeddable":true,"href":"https:\/\/www.cronacaonline.it\/index.php\/wp-json\/wp\/v2\/users\/2"}],"replies":[{"embeddable":true,"href":"https:\/\/www.cronacaonline.it\/index.php\/wp-json\/wp\/v2\/comments?post=91380"}],"version-history":[{"count":0,"href":"https:\/\/www.cronacaonline.it\/index.php\/wp-json\/wp\/v2\/posts\/91380\/revisions"}],"wp:attachment":[{"href":"https:\/\/www.cronacaonline.it\/index.php\/wp-json\/wp\/v2\/media?parent=91380"}],"wp:term":[{"taxonomy":"category","embeddable":true,"href":"https:\/\/www.cronacaonline.it\/index.php\/wp-json\/wp\/v2\/categories?post=91380"},{"taxonomy":"post_tag","embeddable":true,"href":"https:\/\/www.cronacaonline.it\/index.php\/wp-json\/wp\/v2\/tags?post=91380"}],"curies":[{"name":"wp","href":"https:\/\/api.w.org\/{rel}","templated":true}]}}