{"id":91371,"date":"2012-11-20T15:14:04","date_gmt":"2012-11-20T14:14:04","guid":{"rendered":"http:\/\/www.cronacaonline.it\/public\/content\/index.php\/20\/11\/2012\/patto-di-stabilita-e-pagamenti-sardegna-e-comuni-al-collasso-cossa-la-regione-non-puo-essere-sorda-allappello-delle-comunita-locali"},"modified":"2012-11-20T15:14:04","modified_gmt":"2012-11-20T14:14:04","slug":"patto-di-stabilita-e-pagamenti-sardegna-e-comuni-al-collasso-cossa-la-regione-non-puo-essere-sorda-allappello-delle-comunita-locali","status":"publish","type":"post","link":"https:\/\/www.cronacaonline.it\/index.php\/2012\/11\/20\/patto-di-stabilita-e-pagamenti-sardegna-e-comuni-al-collasso-cossa-la-regione-non-puo-essere-sorda-allappello-delle-comunita-locali\/","title":{"rendered":"Patto di stabilit\u00e0 e pagamenti, Sardegna e Comuni al collasso, Cossa: &#8220;La Regione non pu\u00f2 essere sorda all&#8217;appello delle comunit\u00e0 locali&#8221;"},"content":{"rendered":"<p>\"Il patto di stabilit\u00e0 sta strangolando la Sardegna, i Comuni sono in dissesto o in pre-dissesto, le aziende non riescono a farsi pagare. La Regione non pu\u00f2 stare a guardare\". Lo dice il vice presidente del Consiglio regionale e coordinatore regionale dei Riformatori sardi, Michele Cossa.<br \/>\"Per colpa dei ritardi nei pagamenti - prosegue Cossa - l\u2019intero tessuto delle piccole e medie imprese sarde \u00e8 allo stremo, migliaia di aziende, i lavoratori e le loro famiglie sul lastrico\". <\/p>\n<p>Ecco perch\u00e9 i Riformatori, ribadisce il coordinatore regionale del partito,&nbsp; \"rinnovano la richiesta che una parte congrua dei pagamenti possibili venga immediatamente messa a disposizione dei Comuni per i crediti vantati dalle imprese appaltatrici. Deve arrivare subito alle imprese sarde una boccata d'ossigeno, cos\u00ec da salvare loro e l'economia della Sardegna da un fallimento certo\". Com<\/p>\n","protected":false},"excerpt":{"rendered":"<p>&#8220;Il patto di stabilit\u00e0 sta strangolando la Sardegna, i Comuni sono in dissesto o in pre-dissesto, le aziende non riescono a farsi pagare. La Regione&#8230;<\/p>\n","protected":false},"author":2,"featured_media":0,"comment_status":"closed","ping_status":"closed","sticky":false,"template":"","format":"standard","meta":[],"categories":[49],"tags":[],"_links":{"self":[{"href":"https:\/\/www.cronacaonline.it\/index.php\/wp-json\/wp\/v2\/posts\/91371"}],"collection":[{"href":"https:\/\/www.cronacaonline.it\/index.php\/wp-json\/wp\/v2\/posts"}],"about":[{"href":"https:\/\/www.cronacaonline.it\/index.php\/wp-json\/wp\/v2\/types\/post"}],"author":[{"embeddable":true,"href":"https:\/\/www.cronacaonline.it\/index.php\/wp-json\/wp\/v2\/users\/2"}],"replies":[{"embeddable":true,"href":"https:\/\/www.cronacaonline.it\/index.php\/wp-json\/wp\/v2\/comments?post=91371"}],"version-history":[{"count":0,"href":"https:\/\/www.cronacaonline.it\/index.php\/wp-json\/wp\/v2\/posts\/91371\/revisions"}],"wp:attachment":[{"href":"https:\/\/www.cronacaonline.it\/index.php\/wp-json\/wp\/v2\/media?parent=91371"}],"wp:term":[{"taxonomy":"category","embeddable":true,"href":"https:\/\/www.cronacaonline.it\/index.php\/wp-json\/wp\/v2\/categories?post=91371"},{"taxonomy":"post_tag","embeddable":true,"href":"https:\/\/www.cronacaonline.it\/index.php\/wp-json\/wp\/v2\/tags?post=91371"}],"curies":[{"name":"wp","href":"https:\/\/api.w.org\/{rel}","templated":true}]}}