{"id":91366,"date":"2012-11-23T15:14:04","date_gmt":"2012-11-23T14:14:04","guid":{"rendered":"http:\/\/www.cronacaonline.it\/public\/content\/index.php\/23\/11\/2012\/in-discesa-il-prezzo-del-gas-lauthority-ci-prova-in-arrivo-bollette-piu-leggere-del-6-7"},"modified":"2012-11-23T15:14:04","modified_gmt":"2012-11-23T14:14:04","slug":"in-discesa-il-prezzo-del-gas-lauthority-ci-prova-in-arrivo-bollette-piu-leggere-del-6-7","status":"publish","type":"post","link":"https:\/\/www.cronacaonline.it\/index.php\/2012\/11\/23\/in-discesa-il-prezzo-del-gas-lauthority-ci-prova-in-arrivo-bollette-piu-leggere-del-6-7\/","title":{"rendered":"In discesa il prezzo del gas, l&#8217;Authority ci prova: in arrivo bollette pi\u00f9 leggere del 6-7%"},"content":{"rendered":"<p>Si va verso un taglio del 6-7% delle bollette del gas pagate dalle famiglie e dalle piccole imprese a partire dal prossimo aprile. Lo scrivono oggi alcuni quotidiani, spiegando che l'Autorit\u00e0 per l'Energia sta preparando la riforma del calcolo dei prezzi.<\/p>\n<p>L'Authority, spiega il Corriere della Sera, sta lavorando a un cambiamento del modo di calcolare il prezzo del metro cubo di metano che interesser\u00e0 all'incirca un terzo dei consumi nazionali. Cio\u00e8 la maggior parte di quelli domestici. L'obiettivo del presidente Guido Bortoni \u00e8 di arrivare a introdurre il nuovo sistema dal secondo quadrimestre 2013.<\/p>\n<p>Il tutto, scrive Repubblica, \u00e8 frutto di un provvedimento allo studio dell'Autorit\u00e0 che metter\u00e0 in pratica l'indicazione contenuta nel decreto Sviluppo: trasferire il prima possibile alle famiglie, alle partite Iva e alle piccole imprese che non sono passati al mercato libero i cambiamenti di prezzo avvenuti sul mercato all'ingrosso.<\/p>\n","protected":false},"excerpt":{"rendered":"<p>Si va verso un taglio del 6-7% delle bollette del gas pagate dalle famiglie e dalle piccole imprese a partire dal prossimo aprile. Lo scrivono&#8230;<\/p>\n","protected":false},"author":2,"featured_media":0,"comment_status":"closed","ping_status":"closed","sticky":false,"template":"","format":"standard","meta":[],"categories":[49],"tags":[],"_links":{"self":[{"href":"https:\/\/www.cronacaonline.it\/index.php\/wp-json\/wp\/v2\/posts\/91366"}],"collection":[{"href":"https:\/\/www.cronacaonline.it\/index.php\/wp-json\/wp\/v2\/posts"}],"about":[{"href":"https:\/\/www.cronacaonline.it\/index.php\/wp-json\/wp\/v2\/types\/post"}],"author":[{"embeddable":true,"href":"https:\/\/www.cronacaonline.it\/index.php\/wp-json\/wp\/v2\/users\/2"}],"replies":[{"embeddable":true,"href":"https:\/\/www.cronacaonline.it\/index.php\/wp-json\/wp\/v2\/comments?post=91366"}],"version-history":[{"count":0,"href":"https:\/\/www.cronacaonline.it\/index.php\/wp-json\/wp\/v2\/posts\/91366\/revisions"}],"wp:attachment":[{"href":"https:\/\/www.cronacaonline.it\/index.php\/wp-json\/wp\/v2\/media?parent=91366"}],"wp:term":[{"taxonomy":"category","embeddable":true,"href":"https:\/\/www.cronacaonline.it\/index.php\/wp-json\/wp\/v2\/categories?post=91366"},{"taxonomy":"post_tag","embeddable":true,"href":"https:\/\/www.cronacaonline.it\/index.php\/wp-json\/wp\/v2\/tags?post=91366"}],"curies":[{"name":"wp","href":"https:\/\/api.w.org\/{rel}","templated":true}]}}