{"id":91358,"date":"2012-11-08T15:14:04","date_gmt":"2012-11-08T14:14:04","guid":{"rendered":"http:\/\/www.cronacaonline.it\/public\/content\/index.php\/08\/11\/2012\/presentata-proposta-di-legge-prima-firmataria-lina-lunesu-per-sostenere-le-innovazioni-tecnologiche-nel-campo-della-comunicazione-e-della-informazione"},"modified":"2012-11-08T15:14:04","modified_gmt":"2012-11-08T14:14:04","slug":"presentata-proposta-di-legge-prima-firmataria-lina-lunesu-per-sostenere-le-innovazioni-tecnologiche-nel-campo-della-comunicazione-e-della-informazione","status":"publish","type":"post","link":"https:\/\/www.cronacaonline.it\/index.php\/2012\/11\/08\/presentata-proposta-di-legge-prima-firmataria-lina-lunesu-per-sostenere-le-innovazioni-tecnologiche-nel-campo-della-comunicazione-e-della-informazione\/","title":{"rendered":"Presentata proposta di legge (prima firmataria Lina Lunesu) per sostenere le innovazioni tecnologiche nel campo della comunicazione e della informazione"},"content":{"rendered":"<p>\"Disposizioni a sostegno del sistema dell\u2019informazione e della comunicazione in ambito regionale\u201d \u00e8 il tema di una Proposta di Legge del PdL, prima firmataria Lina Lunesu che, come ha detto Pietro Pittalis, presidente del Gruppo in Consiglio regionale introducendo la Conferenza stampa di questa mattina, \u00abintende colmare un vuoto nel panorama normativo regionale in questo momento storico per l\u2019informazione con l\u2019avvento di nuove tecnologie non sempre a disposizione di tutti\u00bb.<\/p>\n<p>\u00abQuesta proposta di legge \u2013 ha sottolineato Pittalis \u2013 \u00e8 stata condivisa da tutto il gruppo consiliare del PdL e ringrazio la collega Lunesu, componente della II Commissione consiliare, per la passione e la competenza che ha dimostrato nel presentare questo testo normativo\u00bb.<\/p>\n<p>\u00abLe nuove tecnologie, parliamo di Internet, digitale terrestre e telefonia mobile \u2013 ha spiegato Lina Lunesu - stanno moltiplicando le occasioni per informare, ma ancora oggi, la gran parte di queste tecnologie sono in uso ad una ristretta quota di cittadini mentre la maggior parte utilizza ancora i mezzi di comunicazione tradizionali\u00bb.<\/p>\n<p>\u00abI cambiamenti tecnologici hanno necessit\u00e0 di essere valorizzati e sostenuti e in questo, la Regione sarda, pu\u00f2 avere un ruolo attivo affinch\u00e9 i soggetti della comunicazione possano operare quelle innovazioni tecnologiche necessarie per raggiungere il numero pi\u00f9 alto di utenti\u00bb.<\/p>\n<p>\u00abParliamo di interventi attraverso il sostegno all\u2019innovazione tecnologica a favore delle emittenti che operano in ambito di comunicazione e informazione locale, subordinata per i beneficiari, a congrui investimenti finalizzati all\u2019avanzamento tecnologico e al miglioramento dello standard qualitativo dell\u2019informazione. Questi contributi non devono superare la misura del \u201cde minimis\u201d stabilita dall\u2019Unione europea. Inoltre, sono previsti incentivi per la valorizzazione della lingua sarda in rete, nei media e nei new media in cui la stessa Regione favorisce l\u2019uso della lingua sarda nei siti internet della pubblica amministrazione e dei soggetti privati che garantiscano sufficienti standard di qualit\u00e0 e diffusione. Sono previsti, inoltre, due emendamenti ad integrazione di questo testo normativo, per favorire l\u2019utilizzo della Lingua Italiana dei Segni (L.I.S.) e per il superamento del precariato nelle redazioni\u00bb.<\/p>\n<p>\u00abGli interventi a sostegno dei costi d\u2019investimento nella misura del 30% sono relativi all\u2019acquisto di immobili, alla manutenzione straordinaria degli stessi, all\u2019acquisto di beni strumentali mobili e automezzi, all\u2019aggiornamento tecnologico e a sostegno dell\u2019editoria elettronica, nella misura del 50% alle imprese per affitto di spazi informatici. Per i quotidiani, i contributi saranno erogati in base al numero di pagine stampate e le copie vendute\u00bb.Sollecitato da Pietro Pittalis a portare quanto prima all\u2019attenzione della II Commissione questa proposta di legge, il Presidente Salvatore Amadu ha comunicato che, quanto prima i commissari saranno impegnati a redigere un unico testo fra le diverse proposte di legge presentate e la normativa definitiva sar\u00e0 possibile portarla alla discussione dell\u2019Aula prima della fine del mandato legislativo\u00bb. Com<\/p>\n","protected":false},"excerpt":{"rendered":"<p>&#8220;Disposizioni a sostegno del sistema dell\u2019informazione e della comunicazione in ambito regionale\u201d \u00e8 il tema di una Proposta di Legge del PdL, prima firmataria Lina&#8230;<\/p>\n","protected":false},"author":2,"featured_media":0,"comment_status":"closed","ping_status":"closed","sticky":false,"template":"","format":"standard","meta":[],"categories":[49],"tags":[],"_links":{"self":[{"href":"https:\/\/www.cronacaonline.it\/index.php\/wp-json\/wp\/v2\/posts\/91358"}],"collection":[{"href":"https:\/\/www.cronacaonline.it\/index.php\/wp-json\/wp\/v2\/posts"}],"about":[{"href":"https:\/\/www.cronacaonline.it\/index.php\/wp-json\/wp\/v2\/types\/post"}],"author":[{"embeddable":true,"href":"https:\/\/www.cronacaonline.it\/index.php\/wp-json\/wp\/v2\/users\/2"}],"replies":[{"embeddable":true,"href":"https:\/\/www.cronacaonline.it\/index.php\/wp-json\/wp\/v2\/comments?post=91358"}],"version-history":[{"count":0,"href":"https:\/\/www.cronacaonline.it\/index.php\/wp-json\/wp\/v2\/posts\/91358\/revisions"}],"wp:attachment":[{"href":"https:\/\/www.cronacaonline.it\/index.php\/wp-json\/wp\/v2\/media?parent=91358"}],"wp:term":[{"taxonomy":"category","embeddable":true,"href":"https:\/\/www.cronacaonline.it\/index.php\/wp-json\/wp\/v2\/categories?post=91358"},{"taxonomy":"post_tag","embeddable":true,"href":"https:\/\/www.cronacaonline.it\/index.php\/wp-json\/wp\/v2\/tags?post=91358"}],"curies":[{"name":"wp","href":"https:\/\/api.w.org\/{rel}","templated":true}]}}