{"id":91344,"date":"2012-11-20T15:14:04","date_gmt":"2012-11-20T14:14:04","guid":{"rendered":"http:\/\/www.cronacaonline.it\/public\/content\/index.php\/20\/11\/2012\/domani-a-santantioco-verra-celebrata--la-ricorrenza-della-virgo-fidelis-patrona-dellarma-dei-carabinieri"},"modified":"2012-11-20T15:14:04","modified_gmt":"2012-11-20T14:14:04","slug":"domani-a-santantioco-verra-celebrata-la-ricorrenza-della-virgo-fidelis-patrona-dellarma-dei-carabinieri","status":"publish","type":"post","link":"https:\/\/www.cronacaonline.it\/index.php\/2012\/11\/20\/domani-a-santantioco-verra-celebrata-la-ricorrenza-della-virgo-fidelis-patrona-dellarma-dei-carabinieri\/","title":{"rendered":"Domani a Sant\u2019Antioco verr\u00e0 celebrata,  la ricorrenza della Virgo Fidelis, patrona dell\u2019arma dei carabinieri."},"content":{"rendered":"<p>Organizzata dal comando compagnia carabinieri di Carbonia e dalle sezioni Anc di Sant\u2019Antioco e Calasetta, domani, alle ore 17.30, presso la chiesa di Santa Maria Goretti di Sant\u2019Antioco, verr\u00e0 celebrata,&nbsp; la ricorrenza della Virgo Fidelis, patrona dell\u2019arma dei carabinieri.<\/p>\n<p>La messa sar\u00e0 celebrata dal vescovo mons. Zedda e concelebrata da don elio tinti e dai cappellani militari Don Sergio e Don Giancarlo, il primo cappellano della legione carabinieri ed il secondo della scuola allievi di Iglesias.<\/p>\n<p>La scelta della madonna \"Virgo Fidelis\", come celeste patrona dell'arma, \u00e8 indubbiamente ispirata alla fedelt\u00e0 che, propria di ogni soldato che serve la patria, \u00e8 caratteristica dell'arma dei carabinieri che ha per motto: \"nei secoli fedele\".<\/p>\n<p>L'8 dicembre 1949 sua Santit\u00e0 Pio XII di V.M., accogliendo l'istanza di S.E. Mons. Carlo Alberto di Cavallerleone, proclamava ufficialmente Maria \"Virgo Fidelis patrona dei carabinieri\", fissando la celebrazione della festa il 21 novembre, in concomitanza della presentazione di Maria vergine al tempio e della ricorrenza della battaglia di Culqualber.<\/p>\n<p>Per l'epica resistenza di Culqualber la bandiera dell'arma \u00e8 stata insignita di una seconda medaglia d'oro al valor militare con la seguente motivazione: \u00abglorioso veterano di cruenti cimenti bellici, destinato a rinforzare un caposaldo di vitale importanza, vi diventava artefice di epica resistenza. Apprestato saldamente a difesa l'impervio settore affidatogli, per tre mesi affrontava con indomito valore la violenta aggressivit\u00e0 di preponderanti agguerrite forze che conteneva e rintuzzava con audaci atti controffensivi contribuendo decisamente alla vigorosa resistenza dell'intero caposaldo, ed infine, dopo aspre giornate di alterne vicende, a segnare, per ultima volta in terra d'africa, la vittoria delle nostre armi.<\/p>\n<p>Delineatasi la crisi, deciso al sacrificio supremo, si saldava graniticamente agli spalti difensivi e li contendeva al soverchiante avversario in sanguinosa impari lotta corpo a corpo nella quale comandante e carabinieri fusi in un solo eroico blocco simbolico delle virt\u00f9 italiche, immolavano la vita perpetuando le gloriose tradizioni dell'arma\u00bb. Com<\/p>\n","protected":false},"excerpt":{"rendered":"<p>Organizzata dal comando compagnia carabinieri di Carbonia e dalle sezioni Anc di Sant\u2019Antioco e Calasetta, domani, alle ore 17.30, presso la chiesa di Santa Maria&#8230;<\/p>\n","protected":false},"author":2,"featured_media":0,"comment_status":"closed","ping_status":"closed","sticky":false,"template":"","format":"standard","meta":[],"categories":[49],"tags":[],"_links":{"self":[{"href":"https:\/\/www.cronacaonline.it\/index.php\/wp-json\/wp\/v2\/posts\/91344"}],"collection":[{"href":"https:\/\/www.cronacaonline.it\/index.php\/wp-json\/wp\/v2\/posts"}],"about":[{"href":"https:\/\/www.cronacaonline.it\/index.php\/wp-json\/wp\/v2\/types\/post"}],"author":[{"embeddable":true,"href":"https:\/\/www.cronacaonline.it\/index.php\/wp-json\/wp\/v2\/users\/2"}],"replies":[{"embeddable":true,"href":"https:\/\/www.cronacaonline.it\/index.php\/wp-json\/wp\/v2\/comments?post=91344"}],"version-history":[{"count":0,"href":"https:\/\/www.cronacaonline.it\/index.php\/wp-json\/wp\/v2\/posts\/91344\/revisions"}],"wp:attachment":[{"href":"https:\/\/www.cronacaonline.it\/index.php\/wp-json\/wp\/v2\/media?parent=91344"}],"wp:term":[{"taxonomy":"category","embeddable":true,"href":"https:\/\/www.cronacaonline.it\/index.php\/wp-json\/wp\/v2\/categories?post=91344"},{"taxonomy":"post_tag","embeddable":true,"href":"https:\/\/www.cronacaonline.it\/index.php\/wp-json\/wp\/v2\/tags?post=91344"}],"curies":[{"name":"wp","href":"https:\/\/api.w.org\/{rel}","templated":true}]}}