{"id":91092,"date":"2012-10-18T15:14:03","date_gmt":"2012-10-18T14:14:03","guid":{"rendered":"http:\/\/www.cronacaonline.it\/public\/content\/index.php\/18\/10\/2012\/imprenditori-over-50--cresce-anche-in-sardegna-il-numero-dei-nuovi-imprenditori-con-i-capelli-gia-bianchi-sono-635-nel-2012-126"},"modified":"2012-10-18T15:14:03","modified_gmt":"2012-10-18T14:14:03","slug":"imprenditori-over-50-cresce-anche-in-sardegna-il-numero-dei-nuovi-imprenditori-con-i-capelli-gia-bianchi-sono-635-nel-2012-126","status":"publish","type":"post","link":"https:\/\/www.cronacaonline.it\/index.php\/2012\/10\/18\/imprenditori-over-50-cresce-anche-in-sardegna-il-numero-dei-nuovi-imprenditori-con-i-capelli-gia-bianchi-sono-635-nel-2012-126\/","title":{"rendered":"Imprenditori \u201cover 50\u201d \u2013 Cresce anche in Sardegna il numero dei nuovi imprenditori con i capelli gi\u00e0 bianchi: sono 635 nel 2012 (+12,6%)."},"content":{"rendered":"<p>In Sardegna sono 635 gli imprenditori con pi\u00f9 di 50 anni che, nei primi 6 mesi del 2012, hanno deciso di mettersi, o rimettersi, in gioco avviando una attivit\u00e0 individuale.<\/p>\n<p>Questo \u00e8 ci\u00f2 che emerge dall\u2019elaborazione fatta dall\u2019Ufficio Studi della Camera di Commercio di Monza e Brianza su dati Registro Imprese, che ha esaminato i dati di quelle nate nel primo semestre di quest\u2019anno in Italia.<\/p>\n<p>\u201cDa gennaio a giugno di quest\u2019anno - afferma Luca Murgianu, Presidente di Confartigianato Imprese Sardegna le aziende avviate nella nostra regione da imprenditori con et\u00e0 tra i 50 e i 69 anni, sono cresciute del 12,6% rispetto alla registrazione di fine del 2011: la percentuale sarda \u00e8 allarmante perch\u00e9 doppia rispetto alla media italiana del 6,8%\u201d.<\/p>\n<p>\u201cSono dati che, purtroppo, non ci meravigliano e confermano la situazione critica dell\u2019isola \u2013 continua Murgianu - infatti tra i nuovi imprenditori cinquantenni e sessantenni, c\u2019\u00e8 anche chi lo fa per necessit\u00e0 dopo aver perso il lavoro e chi lo fa per aiutare economicamente figli e famiglia\u201d. <br \/>L\u2019incremento \u00e8 stato registrato anche a livello italiano; infatti le nuove imprese individuali con titolare tra i 50 e i 70 anni, iscritte nel primo semestre 2012, sono risultate pi\u00f9 di 25mila con una crescita di pi\u00f9 del 6,8% rispetto al medesimo periodo dello scorso anno.<\/p>\n<p>Una impresa su quattro (25,8%) nasce nel commercio o nell\u2019autoriparazione. Seguono le costruzioni (16,8%) e le attivit\u00e0 manifatturiere (8,8%).<\/p>\n<p>\u201cMa attenzione - ammonisce il Presidente Regionale di Confartigianato - non \u00e8 con l\u2019apertura della partita Iva che si diventa automaticamente imprenditori. Soprattutto immettersi sul mercato in questo particolare momento storico, non \u00e8 una cosa semplice e neppure un gioco. Sarebbe deleterio se questi \u201cnuovi imprenditori\u201d si mettessero in proprio solo perch\u00e9 espulsi dal lavoro dipendente ed entrassero nel circuito del lavoro autonomo, privi della opportuna professionalit\u00e0 oppure cadessero, poco dopo, nelle \u201clogiche\u201d del lavoro in nero. Questo \u00e8 da evitare\u201d.<\/p>\n<p>Tra le regioni con la maggior crescita percentuale la Sardegna si piazza al nono posto con il 12,6%. Al primo posto la Puglia con il 28,2%, seguita dalla Basilicata con il 27,3% e dalla Valle D\u2019Aosta con 26,2%. Il trend negativo per la Campania con -10,7%.<\/p>\n<p>In termini assoluti, prima la Lombardia con 3653 imprese registrate da over 50enni, seguita dall\u2019Emilia Romagna con 2286 e dal Veneto con 2279. Ultima la Valle D\u2019Aosta con 77 imprese.<\/p>\n<p>\u201cIn ogni caso \u2013 conclude filosoficamente Murgianu - se gli orientali sostengono che la crisi possa essere interpretata come un periodo di rinascita (il famoso kiki), anche in Sardegna lo spirito di iniziativa e la ferrea determinazione di chi ha perso il lavoro o di chi ha deciso di ricominciare, merita certamente un sostegno della nostra Associazione, oltre che un plauso\u201d. Com<\/p>\n","protected":false},"excerpt":{"rendered":"<p>In Sardegna sono 635 gli imprenditori con pi\u00f9 di 50 anni che, nei primi 6 mesi del 2012, hanno deciso di mettersi, o rimettersi, in&#8230;<\/p>\n","protected":false},"author":2,"featured_media":0,"comment_status":"closed","ping_status":"closed","sticky":false,"template":"","format":"standard","meta":[],"categories":[49],"tags":[],"_links":{"self":[{"href":"https:\/\/www.cronacaonline.it\/index.php\/wp-json\/wp\/v2\/posts\/91092"}],"collection":[{"href":"https:\/\/www.cronacaonline.it\/index.php\/wp-json\/wp\/v2\/posts"}],"about":[{"href":"https:\/\/www.cronacaonline.it\/index.php\/wp-json\/wp\/v2\/types\/post"}],"author":[{"embeddable":true,"href":"https:\/\/www.cronacaonline.it\/index.php\/wp-json\/wp\/v2\/users\/2"}],"replies":[{"embeddable":true,"href":"https:\/\/www.cronacaonline.it\/index.php\/wp-json\/wp\/v2\/comments?post=91092"}],"version-history":[{"count":0,"href":"https:\/\/www.cronacaonline.it\/index.php\/wp-json\/wp\/v2\/posts\/91092\/revisions"}],"wp:attachment":[{"href":"https:\/\/www.cronacaonline.it\/index.php\/wp-json\/wp\/v2\/media?parent=91092"}],"wp:term":[{"taxonomy":"category","embeddable":true,"href":"https:\/\/www.cronacaonline.it\/index.php\/wp-json\/wp\/v2\/categories?post=91092"},{"taxonomy":"post_tag","embeddable":true,"href":"https:\/\/www.cronacaonline.it\/index.php\/wp-json\/wp\/v2\/tags?post=91092"}],"curies":[{"name":"wp","href":"https:\/\/api.w.org\/{rel}","templated":true}]}}