{"id":90959,"date":"2012-10-07T15:14:03","date_gmt":"2012-10-07T14:14:03","guid":{"rendered":"http:\/\/www.cronacaonline.it\/public\/content\/index.php\/07\/10\/2012\/commesso--di-olbia-arrestato-dai-carabinieri-per-furto"},"modified":"2012-10-07T15:14:03","modified_gmt":"2012-10-07T14:14:03","slug":"commesso-di-olbia-arrestato-dai-carabinieri-per-furto","status":"publish","type":"post","link":"https:\/\/www.cronacaonline.it\/index.php\/2012\/10\/07\/commesso-di-olbia-arrestato-dai-carabinieri-per-furto\/","title":{"rendered":"Commesso  di Olbia arrestato dai carabinieri per furto."},"content":{"rendered":"<p>I Militari della Stazione Carabinieri di Olbia Centro,&nbsp; nelle notte hanno arrestato per furto aggravato, Filippo Palumbo,&nbsp; 25 anni, commesso, della citt\u00e0. <\/p>\n<p>Il giovane \u00e8 stato sorpreso all\u2019interno&nbsp; del centro commerciale Dott. Brico, In localit\u00e0 Basa di Olbia, dove egli presta la sua attivit\u00e0 lavorativa, da dove stava portando via un gruppo elettrogeno , un compressore e utensili vari per un valore di circa 1000 \u20ac. <\/p>\n<p>Quindi, Palumbo \u00e8 stato bloccato e arrestato ed in seguito, alla fine delle formalit\u00e0 di legge in caserma \u00e8 stato accompagnato e messo agli arresti domiciliari&nbsp; in attesa del rito direttissimo previsto per domani.<\/p>\n","protected":false},"excerpt":{"rendered":"<p>I Militari della Stazione Carabinieri di Olbia Centro,&nbsp; nelle notte hanno arrestato per furto aggravato, Filippo Palumbo,&nbsp; 25 anni, commesso, della citt\u00e0. Il giovane \u00e8&#8230;<\/p>\n","protected":false},"author":2,"featured_media":0,"comment_status":"closed","ping_status":"closed","sticky":false,"template":"","format":"standard","meta":[],"categories":[49],"tags":[],"_links":{"self":[{"href":"https:\/\/www.cronacaonline.it\/index.php\/wp-json\/wp\/v2\/posts\/90959"}],"collection":[{"href":"https:\/\/www.cronacaonline.it\/index.php\/wp-json\/wp\/v2\/posts"}],"about":[{"href":"https:\/\/www.cronacaonline.it\/index.php\/wp-json\/wp\/v2\/types\/post"}],"author":[{"embeddable":true,"href":"https:\/\/www.cronacaonline.it\/index.php\/wp-json\/wp\/v2\/users\/2"}],"replies":[{"embeddable":true,"href":"https:\/\/www.cronacaonline.it\/index.php\/wp-json\/wp\/v2\/comments?post=90959"}],"version-history":[{"count":0,"href":"https:\/\/www.cronacaonline.it\/index.php\/wp-json\/wp\/v2\/posts\/90959\/revisions"}],"wp:attachment":[{"href":"https:\/\/www.cronacaonline.it\/index.php\/wp-json\/wp\/v2\/media?parent=90959"}],"wp:term":[{"taxonomy":"category","embeddable":true,"href":"https:\/\/www.cronacaonline.it\/index.php\/wp-json\/wp\/v2\/categories?post=90959"},{"taxonomy":"post_tag","embeddable":true,"href":"https:\/\/www.cronacaonline.it\/index.php\/wp-json\/wp\/v2\/tags?post=90959"}],"curies":[{"name":"wp","href":"https:\/\/api.w.org\/{rel}","templated":true}]}}