{"id":90534,"date":"2012-09-11T15:14:03","date_gmt":"2012-09-11T14:14:03","guid":{"rendered":"http:\/\/www.cronacaonline.it\/public\/content\/index.php\/11\/09\/2012\/alcoa-cappellacci-sardegna-chiede-lavoro-e-sviluppo-battaglia-giusta-non-sia-derubricata-a-questione-di-ordine-pubblico"},"modified":"2012-09-11T15:14:03","modified_gmt":"2012-09-11T14:14:03","slug":"alcoa-cappellacci-sardegna-chiede-lavoro-e-sviluppo-battaglia-giusta-non-sia-derubricata-a-questione-di-ordine-pubblico","status":"publish","type":"post","link":"https:\/\/www.cronacaonline.it\/index.php\/2012\/09\/11\/alcoa-cappellacci-sardegna-chiede-lavoro-e-sviluppo-battaglia-giusta-non-sia-derubricata-a-questione-di-ordine-pubblico\/","title":{"rendered":"Alcoa, Cappellacci: Sardegna chiede lavoro e sviluppo. Battaglia giusta non sia derubricata a questione di ordine pubblico."},"content":{"rendered":"<p>\u201cPur comprendendo le motivazioni del Ministero dell\u2019Interno e auspicando che l\u2019opera di prevenzione eviti che la battaglia giusta degli operai e dell\u2019intera Sardegna possa essere sporcata dall\u2019intervento di soggetti che con essa nulla hanno che fare, la Regione ribadisce che i problemi del Sulcis e della Sardegna in generale non possono essere derubricati a pura e semplice questione di ordine pubblico\u201d. <\/p>\n<p>Lo ha dichiarato il presidente della Regione Sardegna, Ugo Cappellacci, ritornando sui temi relativi alla vertenza dello stabilimento di Portovesme.<br \/>\u201cE\u2019 in primo luogo una questione sociale, perch\u00e9 si tratta di centinaia di posti di lavoro ed \u00e8 altres\u00ec questione economica: occorre salvaguardare e rilanciare un\u2019attivit\u00e0 che non \u00e8 decotta e che pu\u00f2 ancora essere competitiva sul mercato, con giovamento per l\u2019economia nazionale. Per questi motivi - ha evidenziato il presidente - non si pu\u00f2 chiedere a Carabinieri e Polizia di diventare interlocutori di chi oggi esprime il proprio malessere.<\/p>\n<p>Occorre invece un'attenzione e una mobilitazione permanente di tutti i soggetti istituzionali affinch\u00e9 possa avvenire il passaggio dello stabilimento di Portovesme nelle mani di un altro soggetto che sia in grado di garantire la continuit\u00e0 dell\u2019attivit\u00e0\u201d. Com<\/p>\n","protected":false},"excerpt":{"rendered":"<p>\u201cPur comprendendo le motivazioni del Ministero dell\u2019Interno e auspicando che l\u2019opera di prevenzione eviti che la battaglia giusta degli operai e dell\u2019intera Sardegna possa essere&#8230;<\/p>\n","protected":false},"author":2,"featured_media":0,"comment_status":"closed","ping_status":"closed","sticky":false,"template":"","format":"standard","meta":[],"categories":[49],"tags":[],"_links":{"self":[{"href":"https:\/\/www.cronacaonline.it\/index.php\/wp-json\/wp\/v2\/posts\/90534"}],"collection":[{"href":"https:\/\/www.cronacaonline.it\/index.php\/wp-json\/wp\/v2\/posts"}],"about":[{"href":"https:\/\/www.cronacaonline.it\/index.php\/wp-json\/wp\/v2\/types\/post"}],"author":[{"embeddable":true,"href":"https:\/\/www.cronacaonline.it\/index.php\/wp-json\/wp\/v2\/users\/2"}],"replies":[{"embeddable":true,"href":"https:\/\/www.cronacaonline.it\/index.php\/wp-json\/wp\/v2\/comments?post=90534"}],"version-history":[{"count":0,"href":"https:\/\/www.cronacaonline.it\/index.php\/wp-json\/wp\/v2\/posts\/90534\/revisions"}],"wp:attachment":[{"href":"https:\/\/www.cronacaonline.it\/index.php\/wp-json\/wp\/v2\/media?parent=90534"}],"wp:term":[{"taxonomy":"category","embeddable":true,"href":"https:\/\/www.cronacaonline.it\/index.php\/wp-json\/wp\/v2\/categories?post=90534"},{"taxonomy":"post_tag","embeddable":true,"href":"https:\/\/www.cronacaonline.it\/index.php\/wp-json\/wp\/v2\/tags?post=90534"}],"curies":[{"name":"wp","href":"https:\/\/api.w.org\/{rel}","templated":true}]}}