{"id":89918,"date":"2012-07-31T15:14:02","date_gmt":"2012-07-31T14:14:02","guid":{"rendered":"http:\/\/www.cronacaonline.it\/public\/content\/index.php\/31\/07\/2012\/racconti-e-musiche-popolari-del-mediterraneo-il-viaggio--1234567-agosto-2012-a-santa-teresa-gallura-chiostro-del-porto-turistico-cinema-arena-odeon-via-capo-testa--46-ore-2100"},"modified":"2012-07-31T15:14:02","modified_gmt":"2012-07-31T14:14:02","slug":"racconti-e-musiche-popolari-del-mediterraneo-il-viaggio-1234567-agosto-2012-a-santa-teresa-gallura-chiostro-del-porto-turistico-cinema-arena-odeon-via-capo-testa-46-ore-2100","status":"publish","type":"post","link":"https:\/\/www.cronacaonline.it\/index.php\/2012\/07\/31\/racconti-e-musiche-popolari-del-mediterraneo-il-viaggio-1234567-agosto-2012-a-santa-teresa-gallura-chiostro-del-porto-turistico-cinema-arena-odeon-via-capo-testa-46-ore-2100\/","title":{"rendered":"Racconti e Musiche Popolari del Mediterraneo \u201c\u2026il Viaggio\u2026.\u201d  1\/2\/3\/4\/5\/6\/7 agosto 2012 a Santa Teresa Gallura, Chiostro del Porto Turistico, Cinema Arena Odeon Via Capo Testa \u2013 4\/6 ore 21,00"},"content":{"rendered":"<p>Prende il via domani, 1\u00b0 agosto, la seconda edizione della rassegna \u201cS\u2019Ard \u2013 Racconti e musiche popolari del Mediterraneo\u201d nelle suggestive location del Cinema Arena Odeon e nel Chiostro del Porto Turistico, tutte le sere a partire dalla 21,00 a Santa Teresa di Gallura, sino al 7 agosto. Un nuovo viaggio che parte dall\u2019incantevole paesaggio dell\u2019estrema punta del Nord Sardegna che si affaccia sulla Corsica, per conoscerla attraverso i linguaggi, i suoni, i canti, le parole e i versi di alcuni protagonisti del panorama culturale della Sardegna. Sette le giornate organizzate da Apostrophe Cultura in collaborazione con elenaleddavox, Regione Autonoma della Sardegna, Assessorato Pubblica Istruzione, Comune di Santa Teresa Gallura - Assesorato Cultura e Spettacolo, con la direzione artistica di Alberto Pisu, musicista tra i pi\u00f9 conosciuti nel panorama jazz ed etnico dell\u2019isola, in cui si articoleranno gli spettacoli&nbsp; nel suggestivo palco che si affaccia sul mare con nove tra le eccellenze della musica e della letteratura sarda e mediterranea: Elva Lutza, Ivan Pili, Triace, Elena Ledda, Harmonia Ensemble, l\u2019omaggio a Fiorenzo Serra, Michela Murgia, Marcello Fois e la proiezione del film Roba da Matti di Enrico Pitzianti.<\/p>\n<p>Mercoled\u00ec 1\u00b0 agosto nel suggestivo Chiostro del Porto Turistico dar\u00e0 il via alla rassegna una straordinaria trilogia di concerti dal vivo con tre protagonisti della musica mediterranea e tradizionale: alle 21,00 gli Elva Lutza, il duo sassarese formato da Nico Casu (voce, tromba) e Gianluca Dess\u00ec (chitarra, bouzouki, mandole), vincitori del Premio Parodi 2011. Una passione comune per la musica popolare, frequentata per oltre vent\u2019anni, sospesi tra paesi lontani e le musiche del mondo tra produzioni e collaborazioni prestigiose, li ha portati alla vittoria del premio diretto da Valentina Parodi, e alla loro recente release discografica d\u2019esordio firmata S\u2019Ardmusic. Seguir\u00e0 l\u2019esibizione di Ivan Pili, giovane organettista virtuoso e di consolidata esperienza. Porter\u00e0 sul palco di S\u2019Ard i brani del suo repertorio tradizionale rivisitato in chiave contemporanea e i brani del suo album di debutto novas nodas\u201d, un progetto tra il cuore e la terra di questo grande artista cagliaritano che ripropone i balli rituali e le danze popolari dell\u2019isola, nel rispetto delle tessiture musicali riconducibili al repertorio della tradizione popolare pi\u00f9 autentica, ma aggiungendo nuove chiavi sonore e frasi musicali, \u201cnodas\u201d appunto, perfettamente connessi&nbsp; al repertorio preesistente.<\/p>\n<p>Chiuder\u00e0 la prima giornata Triace, un viaggio sonoro che prende vita dall\u2019estremit\u00e0 dell\u2019Italia del Sud con le voci straordinarie di Emanuela Gabrieli, Alessia Tondo e Carla Petrachi. Partendo dalla tradizione Salentina, rivisitata in una chiave del tutto innovativa, le tre artiste incontrano le suggestioni di un linguaggio nuovo e moderno attraverso l\u2019uso della polifonia, la programmazione elettronica e il pianoforte di Marco Rollo.<\/p>\n<p>&nbsp;Il 2 agosto la rassegna si trasferisce al Cinema Arena Odeon per accogliere due concerti: alle 21,00 Elena Ledda con il suo quintetto nel progetto \u201cAmaius\u201d, concerto con racconti brevi e poesie sulle musiche in compagnia della voce di Simonetta Soro e gli arrangiamenti originali di Mauro Palmas, Elena Ledda, Silvano Lobina, Marcello Peghin.<\/p>\n<p>La voce pi\u00f9 importante della Sardegna e tra le pi\u00f9 note del Mediterraneo continuando il lavoro di riproposizione di temi universali (nascita, crescita, lavoro, sacralit\u00e0) legati fortemente alla tradizione, ha costruito un percorso interamente scritto in lingua sarda, sviluppando questi temi nella dimensione della nostra vita contemporanea. Subito dopo l\u2019omaggio a Nino Rota con gli Harmonia Ensemble (Damiano Puliti, violoncello Alessandra Garosi al pianoforte, Orio Odori, clarinetto). Tra le principali formazioni di musica di confine italiana, presenta un omaggio al grande autore che ha scritto indimenticabili e intramontabili colonne sonore. Il video, realizzato dal regista Giovanni Massa, racconta in forma tutt\u2019altro che documentaristica la natura di Rota, la sua opera, la sua vita artistica. Estratti di film, alcuni fotogrammi rubati da ogni dove, rare foto e altrettanto rari documenti sonori accompagnano il pubblico in un viaggio tra cultura, ricordi e bellissime melodie.<\/p>\n<p>&nbsp;Il 3 agosto al Cinema Arena Odeon, il tributo a Fiorenzo Serra, una suite di viaggio tra film e musica di Romano Usai e Mauro Palmas, sui testi di Maria Gabriela Ledda, Romano Usai e Mauro Palmas. Un omaggio all\u2019opera documentativa degli anni \u201950 e \u201960 di Fiorenzo Serra attraverso una ricostruzione\/montaggio che vuole conservare la grande forza suggestiva caratteristica dell\u2019opera del maestro intessendosi con atmosfere musicali che marcano e scandiscono il fluire del tempo intrecciandosi e fondendosi in un unico gioco contrappuntistico che racconta la cultura dell\u2019Italia di quegli anni. Accompagnamento musicale dal vivo eseguito da: Mauro Palmas, mandole; Simonetta Soro alla voce; Maurizio Geri, chitarra e voce; Marcello Peghin, chitarra; Damiano Puliti, violoncello; Silvano Lobina, basso e Alberto Pisu&nbsp; alla batteria.<\/p>\n<p>&nbsp;Il 4 agosto serata dedicata alla letteratura, alla penna e alle parole di Michela Murgia, scrittrice tra le pi\u00f9 importanti del panorama regionale e ben nota oltre i confini dell\u2019isola. Nel 2006 ha pubblicato con Isbn \u00abIl mondo deve sapere\u00bb, il diario tragicomico di un mese di lavoro che ha ispirato il film di Paolo Virz\u00ec \u00abTutta la vita davanti\u00bb. Per Einaudi ha pubblicato nel 2008 \u00abViaggio in Sardegna- Undici percorsi nell\u2019isola che non si vede\u00bb. Con \u201cAccabadora\u201d (pubblicato nel 2009) ha vinto la sezione narrativa del Premio Dess\u00ec nel settembre 2009. Nel maggio 2010, sempre con \u00abAccabadora\u00bb, ha vinto il SuperMondello nell\u2019ambito del Premio Mondello e nel settembre dello stesso anno il Premio Campiello. Per Einaudi ha pubblicato anche \u00abAve Mary\u00bb (2011) e nel 2012 \u00abPresente\u00bb (con Andrea Bajani, Paolo Nori e Giorgio Vasta) e \u00abL\u2019Incontro\u00bb.<\/p>\n<p>Il 5 agosto alle 21,00 un altro grande protagonista del panorama letterario sul palco del&nbsp; Cinema Arena Odeon: Marcello Fois, autore prolifico non solo in campo letterario in senso stretto ma anche nel campo teatrale, radiofonico e della fiction televisiva.Tante le sue opere dal \u201992 ad oggi.<\/p>\n<p>Dal suo esordio con il romanzo \u201cPicta\u201d vicitore del Premio Italo Calvino e \u201cFerro recente\u201d, sono seguiti numerosi alti libri (e altri premi), tra cui \u00abNulla\u00bb (Il Maestrale 1997, Premio Dess\u00ec), \u00abSempre caro\u00bb (Il Maestrale - Frassinelli 1998, Premio Scerbanenco - Noir in festival e Premio Zerilli-Marim\u00f2), \u00abGap\u00bb (Frassinelli 1999), \u00abSangue dal cielo\u00bb (Il Maestrale - Frassinelli 1999), \u00abDura madre\u00bb (Einaudi 2001), \u00abPiccole storie nere\u00bb (Einaudi 2002), \u00abL\u2019altro mondo\u00bb (Frassinelli - Il Maestrale 2002), \u00abMateriali\u00bb (Il Maestrale 2002), \u00abTamburini\u00bb (Il Maestrale 2004), \u00abL\u2019ultima volta che sono rinato\u00bb (Raccolta di poesie 2006), \u00abMemoria del vuoto\u00bb (Einaudi 2007), \u00abSemprecaro\u00bb (Einaudi 2009), \u00abStirpe\u00bb (Einaudi 2009). Per Einaudi inoltre ha recentemente pubblicato \u00abNel Tempo di mezzo\u00bb (finalista al Premio Strega 2012).<\/p>\n<p>&nbsp;Il 6 agosto arriva a S. Teresa di Gallura anche Roba da Matti, il film diretto da Enrico Pitzianti. Docu-fiction che racconta la storia di Casamatta, una residenza socio assistenziale a Quartu Sant\u2019Elena in cui, grazie al sostegno degli operatori, vivono otto persone affette da disagio mentale. Purtroppo la casa, dopo 17 anni di attivit\u00e0, rischia di chiudere. Il regista, considerato dalla critica e dal pubblico uno dei pi\u00f9 importanti registi sardi contemporanei, ne parler\u00e0 con il pubblico nell\u2019incontro curato dal Centro Servizi Culturali di Alghero - Societ\u00e0 Umanitaria Cineteca Sarda. Pitzianti lavora per lo pi\u00f9 in ambito documentaristico con particolare attenzione verso le tematiche di ambito sociale e del lavoro. Esordisce alla regia nel 1998 con i due cortometraggi \u201cIl Guardiano\u201d e \u201cIl Gobbo\u201d; nel 2002 vince premio della Giuria al Torino Film Festival con \u201cL\u2019ultima corsa\u201d sulla storia dell\u2019ultimo viaggio del traghetto \u201cLivorno\u201d e il licenziamento del suo equipaggio. Dopo \u201cUn anno sotto terra\u201d del 2003, firma \u201cPiccola Pesca\u201d nel 2004, e si afferma a livello nazionale e internazionale come uno dei pi\u00f9 interessanti documentaristi italiani.\u201cTutto torna\u201d del 2008 \u00e8 la sua prima fiction e riscuote un buon successo di critica e botteghino.<\/p>\n<p>Il 7 agosto ultima serata della rassegna con la proiezione del film \u201cSa Grascia\u201d di Bonifacio Agus, regista, sceneggiatore, direttore della fotografia e montatore per il cinema. Subito dopo la chiaccherata con l\u2019autore curata dal Centro Servizi Culturali di Alghero. In una Sardegna antica e perduta, Antoneddu, un bambino di dieci anni, cammina per le strade e i sentieri di una terra ricca di atmosfere fantastiche, per raggiungere la chiesa del santo che gli ha fatto \u201cSa Gr\u00e0scia\u201d, salvandogli la vita dopo una brutta caduta dalle scale. Lungo il cammino, il piccolo incontrer\u00e0 una serie di personaggi dolci e bizzarri, intrappolati in una realt\u00e0 confusa e contraddittoria, dove il bene e il male si mescolano in un\u2019armonia malinconica e surreale senza mostrarne la linea di confine. Un mondo dove non c\u2019\u00e8 bisogno di spiegazioni, dove tutto accade naturalmente tramite un destino crudele e consolatore, cinico e commiserevole.<\/p>\n<p>Agus ha frequentato corsi specialistici cinematografici in Italia e all\u2019estero, tra cui la New York Film Accademy e il corso di regia cinematografica al Centro Studi Cinematografici della Catalogna. Nel 2003 realizza il suo primo cortometraggio \u201cL\u2019arte di essere felici\u201d, al quale segue \u201cUltimo giorno d\u2019estate\u201d. \u201cSa Gr\u00e0scia\u201d \u00e8 il suo primo lungometraggio di finzione, presentato in anteprima mondiale alla Mostra Internazionale del Cinema di San Paolo in Brasile. Com<\/p>\n","protected":false},"excerpt":{"rendered":"<p>Prende il via domani, 1\u00b0 agosto, la seconda edizione della rassegna \u201cS\u2019Ard \u2013 Racconti e musiche popolari del Mediterraneo\u201d nelle suggestive location del Cinema Arena&#8230;<\/p>\n","protected":false},"author":2,"featured_media":0,"comment_status":"closed","ping_status":"closed","sticky":false,"template":"","format":"standard","meta":[],"categories":[49],"tags":[],"_links":{"self":[{"href":"https:\/\/www.cronacaonline.it\/index.php\/wp-json\/wp\/v2\/posts\/89918"}],"collection":[{"href":"https:\/\/www.cronacaonline.it\/index.php\/wp-json\/wp\/v2\/posts"}],"about":[{"href":"https:\/\/www.cronacaonline.it\/index.php\/wp-json\/wp\/v2\/types\/post"}],"author":[{"embeddable":true,"href":"https:\/\/www.cronacaonline.it\/index.php\/wp-json\/wp\/v2\/users\/2"}],"replies":[{"embeddable":true,"href":"https:\/\/www.cronacaonline.it\/index.php\/wp-json\/wp\/v2\/comments?post=89918"}],"version-history":[{"count":0,"href":"https:\/\/www.cronacaonline.it\/index.php\/wp-json\/wp\/v2\/posts\/89918\/revisions"}],"wp:attachment":[{"href":"https:\/\/www.cronacaonline.it\/index.php\/wp-json\/wp\/v2\/media?parent=89918"}],"wp:term":[{"taxonomy":"category","embeddable":true,"href":"https:\/\/www.cronacaonline.it\/index.php\/wp-json\/wp\/v2\/categories?post=89918"},{"taxonomy":"post_tag","embeddable":true,"href":"https:\/\/www.cronacaonline.it\/index.php\/wp-json\/wp\/v2\/tags?post=89918"}],"curies":[{"name":"wp","href":"https:\/\/api.w.org\/{rel}","templated":true}]}}