{"id":89890,"date":"2012-07-18T15:14:02","date_gmt":"2012-07-18T14:14:02","guid":{"rendered":"http:\/\/www.cronacaonline.it\/public\/content\/index.php\/18\/07\/2012\/casini-in-futuro-un-patto-tra-progressisti-e-moderati-il-ritorno-di-berlusconi-e-un-film-dellorrore"},"modified":"2012-07-18T15:14:02","modified_gmt":"2012-07-18T14:14:02","slug":"casini-in-futuro-un-patto-tra-progressisti-e-moderati-il-ritorno-di-berlusconi-e-un-film-dellorrore","status":"publish","type":"post","link":"https:\/\/www.cronacaonline.it\/index.php\/2012\/07\/18\/casini-in-futuro-un-patto-tra-progressisti-e-moderati-il-ritorno-di-berlusconi-e-un-film-dellorrore\/","title":{"rendered":"Casini: in futuro un patto tra progressisti e moderati, il ritorno di Berlusconi \u00e8 un film dell&#8217;orrore"},"content":{"rendered":"<p>''Il ritorno di Silvio Berlusconi in politica sarebbe un film dell'orrore''. Con queste parole Pier Ferdinando Casini, intervistato da Radio Anch'io, ha preso del distanze dall'ex premier. L'ex presidente della Camera ha invece espresso apprezzamento per Angelino Alfano: ''Dissento da lui sulla figura di Silvio Berlusconi. Alfano \u00e8 una persona seria. La politica del Pdl con Berlusconi sarebbe comunque una cosa molto diversa da quella di Alfano''. ''La frattura tra l'Udc e Silvio Berlusconi e' evidente e irreversibile'', ha detto Pier Ferdinando Casini. ''Non ho scelto - ha aggiunto l'ex presidente della Camera - di stare con il Pd ma con l'elettorato moderato. Il vero problema di Berlusconi \u00e8 che ha governato male: anche per questo \u00e8 incomprensibile il dialogo con lui. Pu\u00f2 fermare l'emorragia nel Pdl, ma lo metter\u00e0 alle corde definitivamente''.<\/p>\n<p>Il leader dell'Udc ha detto di ''vedere nel futuro politico un patto tra progressisti e moderati per una politica riformista che non pu\u00f2 essere fatta senza la collaborazione del centrosinistra''. \"Mi auguro che la sinistra riformista, che serve al Paese, e una componente forte della famiglia del Ppe, sosterranno insieme una politica\" ispirata al governo Monti. Quanto ad altri possibili alleati, il leader centrista osserva. \"Vendola sta all'opposizione di Monti. Mentre io dialogo con chi sta al governo con me\".<\/p>\n<p>\u201dL'accordo\" tra i partiti \"ancora non c'\u00e8, ma la legge elettorale si cambier\u00e0\". Pier Ferdinando Casini a Radio Anch'io spiega che c'\u00e8 una motivazione forte a realizzare la riforma del sistema di voto. \"Perch\u00e9 nessun uomo politico con la testa sul collo- aggiunge- pu\u00f2 affrontare la campagna elettorale con questa legge. Non possiamo entrare in campo cos\u00ec, perch\u00e9 nessuno potr\u00e0 fare le liste privando gli italiani della possibilit\u00e0 di scegliersi gli eletti\". Casini si dice \"convinto che la riforma si far\u00e0 e che ci sar\u00e0 un premio di governabilit\u00e0 al partito o alla coalizione. Che ci sar\u00e0 uno sbarramento al 5 per cento e che ci sar\u00e0 la possibilit\u00e0, o con le preferenze o con il provincellum, di scegliere i parlamentari\".<\/p>\n<p>Da questo ultimo punto di vista, osserva, \"non c'\u00e8 il bene o il male. Io personalmente penso che la cosa pi\u00f9 lineare sia votare il partito e scegliere in quel partito un uomo o una donna. I collegi possono essere pi\u00f9 coercitivi delle preferenze\". Quanto, invece, \"al vincolo di coalizione, non escludo che ci sia un premio di governabilit\u00e0 per i partiti che si apparentano o per chi ha la maggioranza relativa. Un premio di governabilit\u00e0 per me va dato- dica Casini- ma per ora non c'\u00e8 un accordo. C'\u00e8 la consapevolezza che lo si trover\u00e0\".<\/p>\n","protected":false},"excerpt":{"rendered":"<p>&#8221;Il ritorno di Silvio Berlusconi in politica sarebbe un film dell&#8217;orrore&#8221;. Con queste parole Pier Ferdinando Casini, intervistato da Radio Anch&#8217;io, ha preso del distanze&#8230;<\/p>\n","protected":false},"author":2,"featured_media":0,"comment_status":"closed","ping_status":"closed","sticky":false,"template":"","format":"standard","meta":[],"categories":[49],"tags":[],"_links":{"self":[{"href":"https:\/\/www.cronacaonline.it\/index.php\/wp-json\/wp\/v2\/posts\/89890"}],"collection":[{"href":"https:\/\/www.cronacaonline.it\/index.php\/wp-json\/wp\/v2\/posts"}],"about":[{"href":"https:\/\/www.cronacaonline.it\/index.php\/wp-json\/wp\/v2\/types\/post"}],"author":[{"embeddable":true,"href":"https:\/\/www.cronacaonline.it\/index.php\/wp-json\/wp\/v2\/users\/2"}],"replies":[{"embeddable":true,"href":"https:\/\/www.cronacaonline.it\/index.php\/wp-json\/wp\/v2\/comments?post=89890"}],"version-history":[{"count":0,"href":"https:\/\/www.cronacaonline.it\/index.php\/wp-json\/wp\/v2\/posts\/89890\/revisions"}],"wp:attachment":[{"href":"https:\/\/www.cronacaonline.it\/index.php\/wp-json\/wp\/v2\/media?parent=89890"}],"wp:term":[{"taxonomy":"category","embeddable":true,"href":"https:\/\/www.cronacaonline.it\/index.php\/wp-json\/wp\/v2\/categories?post=89890"},{"taxonomy":"post_tag","embeddable":true,"href":"https:\/\/www.cronacaonline.it\/index.php\/wp-json\/wp\/v2\/tags?post=89890"}],"curies":[{"name":"wp","href":"https:\/\/api.w.org\/{rel}","templated":true}]}}