{"id":89733,"date":"2012-07-07T15:14:02","date_gmt":"2012-07-07T14:14:02","guid":{"rendered":"http:\/\/www.cronacaonline.it\/public\/content\/index.php\/07\/07\/2012\/pregiudicato-arrestato-dai-carabinieri-per-rapina-aggravata"},"modified":"2012-07-07T15:14:02","modified_gmt":"2012-07-07T14:14:02","slug":"pregiudicato-arrestato-dai-carabinieri-per-rapina-aggravata","status":"publish","type":"post","link":"https:\/\/www.cronacaonline.it\/index.php\/2012\/07\/07\/pregiudicato-arrestato-dai-carabinieri-per-rapina-aggravata\/","title":{"rendered":"Pregiudicato arrestato dai carabinieri per rapina aggravata."},"content":{"rendered":"<p>Nella tarda serata di ieri, ad Iglesias, mentre era in corso la manifestazione \u201cnotteggiando\u201d, i carabinieri della Stazione della cittadina del Sud Sardegna, hanno arrestato per rapina aggravata, Bruno Manca, di 57 anni, di&nbsp; Carbonia, ma residente ad Jglesias, nullafacente.<\/p>\n<p>Il pregiudicato, attorno alle ore 20,00 circa , in&nbsp; via Mazzini&nbsp; aveva aggredito&nbsp; D. E. , di 53 anni, del luogo&nbsp; e, dopo averlo minacciato&nbsp; con un coltello a serramanico, gli aveva strappato di mano un cellulare e dieci euro, dileguandosi immediatamente.<\/p>\n<p>I militari, dopo una veloce ricostruzione della vicenda, sono riusciti ad identificare l\u2019aggressore ed a risalire alla sua abitazione, dove \u00e8 stato poi rintracciato e qui, nel magazzino dell\u2019abitazione \u00e8 stato recuperato il cellulare ed un coltello, verosimilmente&nbsp; quello utilizzato per l\u2019aggressione.&nbsp; Quindi Manca \u00e8 stato dichiarato in arresto e dopo le formalit\u00e0 di legge in caserma \u00e8 stato accompagnato e rinchiuso nel carcere cagliaritano \u201cBuoncamino\u201d dove rimarr\u00e0 a disposizione dell\u2019autorit\u00e0 giudiziaria.&nbsp;&nbsp; <BR><\/p>\n","protected":false},"excerpt":{"rendered":"<p>Nella tarda serata di ieri, ad Iglesias, mentre era in corso la manifestazione \u201cnotteggiando\u201d, i carabinieri della Stazione della cittadina del Sud Sardegna, hanno arrestato&#8230;<\/p>\n","protected":false},"author":2,"featured_media":0,"comment_status":"closed","ping_status":"closed","sticky":false,"template":"","format":"standard","meta":[],"categories":[49],"tags":[],"_links":{"self":[{"href":"https:\/\/www.cronacaonline.it\/index.php\/wp-json\/wp\/v2\/posts\/89733"}],"collection":[{"href":"https:\/\/www.cronacaonline.it\/index.php\/wp-json\/wp\/v2\/posts"}],"about":[{"href":"https:\/\/www.cronacaonline.it\/index.php\/wp-json\/wp\/v2\/types\/post"}],"author":[{"embeddable":true,"href":"https:\/\/www.cronacaonline.it\/index.php\/wp-json\/wp\/v2\/users\/2"}],"replies":[{"embeddable":true,"href":"https:\/\/www.cronacaonline.it\/index.php\/wp-json\/wp\/v2\/comments?post=89733"}],"version-history":[{"count":0,"href":"https:\/\/www.cronacaonline.it\/index.php\/wp-json\/wp\/v2\/posts\/89733\/revisions"}],"wp:attachment":[{"href":"https:\/\/www.cronacaonline.it\/index.php\/wp-json\/wp\/v2\/media?parent=89733"}],"wp:term":[{"taxonomy":"category","embeddable":true,"href":"https:\/\/www.cronacaonline.it\/index.php\/wp-json\/wp\/v2\/categories?post=89733"},{"taxonomy":"post_tag","embeddable":true,"href":"https:\/\/www.cronacaonline.it\/index.php\/wp-json\/wp\/v2\/tags?post=89733"}],"curies":[{"name":"wp","href":"https:\/\/api.w.org\/{rel}","templated":true}]}}