{"id":89002,"date":"2012-05-08T15:14:01","date_gmt":"2012-05-08T14:14:01","guid":{"rendered":"http:\/\/www.cronacaonline.it\/public\/content\/index.php\/08\/05\/2012\/monti-sui-suicidi-rifletta-chi-ha-portato-leconomia-in-questo-stato-ma-poi-si-corregge-dicendo-ho-parlato-di-conseguenze-umane"},"modified":"2012-05-08T15:14:01","modified_gmt":"2012-05-08T14:14:01","slug":"monti-sui-suicidi-rifletta-chi-ha-portato-leconomia-in-questo-stato-ma-poi-si-corregge-dicendo-ho-parlato-di-conseguenze-umane","status":"publish","type":"post","link":"https:\/\/www.cronacaonline.it\/index.php\/2012\/05\/08\/monti-sui-suicidi-rifletta-chi-ha-portato-leconomia-in-questo-stato-ma-poi-si-corregge-dicendo-ho-parlato-di-conseguenze-umane\/","title":{"rendered":"Monti sui suicidi: rifletta chi ha portato l&#8217;economia in questo stato ma poi si corregge dicendo, ho parlato di &#8220;conseguenze umane&#8221;"},"content":{"rendered":"<p>Lo stato in cui si trova l'economia italiana \u00e8 \"drammatico\" ed \u00e8 figlio dell' \"insufficiente attenzione prestata in passato alle scelte di lungo periodo per le riforme strutturali\". Cos\u00ec il presidente del Consiglio Mario Monti, nel corso di una conferenza a Roma con il commissario europeo agli Affari economici e monetari Olli Rehn.<\/p>\n<p>\"Le conseguenze umane\" della crisi \"dovrebbero far riflettere chi ha portato l'economia in questo stato e non chi da quello stato sta cercando di farla uscire\", ha detto il presidente del Consiglio, parlando dei suicidi legati alle conseguenze della crisi economica.<\/p>\n<p>L'Italia si \u00e8 sottratta alle pressioni affinch\u00e9 finisse sotto un piano di aiuti e cessasse di essere un rischio-contagio. \"Abbiamo evitato\" questo scenario \"consapevoli delle conseguenze che ne sarebbero derivate e abbiamo deciso di fare da noi, senza chieder denaro a nessuno\", ha ricordato Monti, parlando a fianco del commissario europeo agli Affari economici e monetari Olli Rehn. \"Quando abbiamo spinto gli altri stati membri ad adottare i firewall non \u00e8stato perch\u00e9 pensavamo di avere bisogno noi dei soldi, ma perch\u00e8 la credibilit\u00e0 complessiva ne avrebbe giovato, con conseguenze anche sugli spread, che sono diminuiti meno velocemente di quanto avessimo sperato\".<\/p>\n<p>\"L'Italia ha un'agenda per la crescita. Fin dal mese di gennaio si \u00e8 attivata per prendere iniziative poi diffuse ad altri stati membri\", ha detto il presidente del Consiglio. Il premier ha spiegato quindi che \"la crescita in Europa pu\u00f2 derivare solo da politiche dell'offerta\" e ci\u00f2 pu\u00f2 avvenire \"solo con la piena tempestiva realizzazione del mercato unico\".<\/p>\n<p>Mario Monti torna a chiedere all'Europa di rivedere le regole contabili comunitarie sui debiti della pubblica amministrazione verso le imprese. Una riforma, ha aggiunto il presidente del Consiglio, necessaria prima dell'entrate in vigore del Fiscal Compact. \"Sto invitando i miei interlocutori tedeschi\" di adottare un nuovo atteggiamento verso gli investimenti pubblici per rilanciare la \"capacit\u00e0 produttiva\" in Europa, ha detto il premier.<\/p>\n<p>\"Tutti gli sforzi a livello nazionale fanno parte della risposta alla crisi ma non vedo la via della crescita attraverso la sanzione\", ha detto il commissario europeo agli Affari economici e monetari Olli Rehn nel corso di una conferenza a Roma col premier Mario Monti. Secondo Rehn la crescita pu\u00f2 avvenire solo \"attraverso un partenariato, un dialogo vero e su queste basi pu\u00f2 andare avanti l'Europa\".<\/p>\n<p>&nbsp;\"Un ritardo nella riforma del mercato del lavoro pu\u00f2 danneggiare l'Italia nell'attuale fase di tensione dei mercati\" ha detto il commissario Ue.<br \/>E per favorire la crescita in Italia -&nbsp; dice Rehn -&nbsp; \"\u00e8 necessario continuare lo sforzo di risanamento del bilancio sul lato della spesa, ma anche sul lato del gettito fiscale\" arrivando ad una \"rimodulazione del sistema tributario, assicurando una maggiore equit\u00e0 fiscale, che \u00e8 fattore equit\u00e0 sociale\".<\/p>\n","protected":false},"excerpt":{"rendered":"<p>Lo stato in cui si trova l&#8217;economia italiana \u00e8 &#8220;drammatico&#8221; ed \u00e8 figlio dell&#8217; &#8220;insufficiente attenzione prestata in passato alle scelte di lungo periodo per&#8230;<\/p>\n","protected":false},"author":2,"featured_media":0,"comment_status":"closed","ping_status":"closed","sticky":false,"template":"","format":"standard","meta":[],"categories":[49],"tags":[],"_links":{"self":[{"href":"https:\/\/www.cronacaonline.it\/index.php\/wp-json\/wp\/v2\/posts\/89002"}],"collection":[{"href":"https:\/\/www.cronacaonline.it\/index.php\/wp-json\/wp\/v2\/posts"}],"about":[{"href":"https:\/\/www.cronacaonline.it\/index.php\/wp-json\/wp\/v2\/types\/post"}],"author":[{"embeddable":true,"href":"https:\/\/www.cronacaonline.it\/index.php\/wp-json\/wp\/v2\/users\/2"}],"replies":[{"embeddable":true,"href":"https:\/\/www.cronacaonline.it\/index.php\/wp-json\/wp\/v2\/comments?post=89002"}],"version-history":[{"count":0,"href":"https:\/\/www.cronacaonline.it\/index.php\/wp-json\/wp\/v2\/posts\/89002\/revisions"}],"wp:attachment":[{"href":"https:\/\/www.cronacaonline.it\/index.php\/wp-json\/wp\/v2\/media?parent=89002"}],"wp:term":[{"taxonomy":"category","embeddable":true,"href":"https:\/\/www.cronacaonline.it\/index.php\/wp-json\/wp\/v2\/categories?post=89002"},{"taxonomy":"post_tag","embeddable":true,"href":"https:\/\/www.cronacaonline.it\/index.php\/wp-json\/wp\/v2\/tags?post=89002"}],"curies":[{"name":"wp","href":"https:\/\/api.w.org\/{rel}","templated":true}]}}