{"id":88585,"date":"2012-04-25T15:14:01","date_gmt":"2012-04-25T14:14:01","guid":{"rendered":"http:\/\/www.cronacaonline.it\/public\/content\/index.php\/25\/04\/2012\/grande-affluenza-oggi-alla-64ma-edizione-della-fiera-campionaria-generale-della-sardegna"},"modified":"2012-04-25T15:14:01","modified_gmt":"2012-04-25T14:14:01","slug":"grande-affluenza-oggi-alla-64ma-edizione-della-fiera-campionaria-generale-della-sardegna","status":"publish","type":"post","link":"https:\/\/www.cronacaonline.it\/index.php\/2012\/04\/25\/grande-affluenza-oggi-alla-64ma-edizione-della-fiera-campionaria-generale-della-sardegna\/","title":{"rendered":"Grande affluenza oggi alla 64\/ma edizione della Fiera Campionaria Generale della Sardegna."},"content":{"rendered":"<p>Affluenza record per la 64\u00b0 edizione della FieraInternazionale Campionaria Generale della Sardegna, in occasione dellafestivit\u00e0 del 25 aprile. La manifestazione, a dispetto della crisi, mostra diavere tutte le carte in regola per rimanere un appuntamento consolidato deivisitatori, sardi, continentali e stranieri, che oggi si sono dati appuntamentonel recinto fieristico di Viale Diaz. Complice una splendida giornata di sole,i padiglioni della Fiera sono stati letteralmente presi d\u2019assalto dal pubblico.Nei prossimi giorni un nutrito cartellone di appuntamenti \u00e8 stato messo inprogramma a corollario della manifestazione: gioved\u00ec 26 \u00e8 stata organizzata dalClub Scherma Cagliari, storica associazione sportiva, una esibizione di atletipresso lo stand dell\u2019Esercito Italiano. Fioretto e Spada saranno protagonistidi una dimostrazione dedicata allo sport, un momento di promozione e didivulgazione per comprendere ed apprezzare una disciplina che annovera atletiolimpionici pluridecorati. A partire dalle ore 16.30 e con ingresso gratuito,lo spazio antistante il Padiglione dell\u2019Esercito Italiano verr\u00e0 animato dagliatleti sardi nelle specialit\u00e0 del fioretto e della spada.<\/p>\n<p>Nutrito anche il programma che riguarda le iniziative e ledimostrazioni legate al settore artistico e artigianale. Da venerd\u00ec, nell\u2019arcodi tutta la giornata, presso il padiglione I, stand a7, il ricamificioartigiano \u201cL\u2019Isola del Ricamo\u201d<span style=\"mso-spacerun: yes;\">&nbsp; <\/span>haorganizzato una serie di dimostrazioni e di prove. Chi vorr\u00e0 cimentarsi conl\u2019arte magica del ricamo avr\u00e0 a sua disposizione materiali e consigli diesperte conoscitrici.<\/p>\n<p>Il settore naturalistico e florovivaistico, rappresentato inFiera con una vasta esposizione, propone un viaggio magico nei profumi e negliaromi del Mediterraneo. Le aree tematiche, tra lavanda e timo, mirto e cisto,ripropongono gli endemismi tipici della nostra Isola, in un percorso didatticoe conoscitivo che consente di apprezzare e valorizzare il patrimonio verde. Learee verdi sono proposte dalla Associazione Fenicia.<\/p>\n<p>Arte, culture ed economia sono presenti nella mostra,organizzata dalla Camera di Commercio di Cagliari a celebrazione dei 150 annidi attivit\u00e0: in un excursus storico e documentaristico vengono ripropostiattraverso gli antichi documenti, le carte e le fotografie, i momenti crucialidell\u2019Istituzione cagliaritana. Com<\/p>\n","protected":false},"excerpt":{"rendered":"<p>Affluenza record per la 64\u00b0 edizione della FieraInternazionale Campionaria Generale della Sardegna, in occasione dellafestivit\u00e0 del 25 aprile. La manifestazione, a dispetto della crisi, mostra&#8230;<\/p>\n","protected":false},"author":2,"featured_media":0,"comment_status":"closed","ping_status":"closed","sticky":false,"template":"","format":"standard","meta":[],"categories":[49],"tags":[],"_links":{"self":[{"href":"https:\/\/www.cronacaonline.it\/index.php\/wp-json\/wp\/v2\/posts\/88585"}],"collection":[{"href":"https:\/\/www.cronacaonline.it\/index.php\/wp-json\/wp\/v2\/posts"}],"about":[{"href":"https:\/\/www.cronacaonline.it\/index.php\/wp-json\/wp\/v2\/types\/post"}],"author":[{"embeddable":true,"href":"https:\/\/www.cronacaonline.it\/index.php\/wp-json\/wp\/v2\/users\/2"}],"replies":[{"embeddable":true,"href":"https:\/\/www.cronacaonline.it\/index.php\/wp-json\/wp\/v2\/comments?post=88585"}],"version-history":[{"count":0,"href":"https:\/\/www.cronacaonline.it\/index.php\/wp-json\/wp\/v2\/posts\/88585\/revisions"}],"wp:attachment":[{"href":"https:\/\/www.cronacaonline.it\/index.php\/wp-json\/wp\/v2\/media?parent=88585"}],"wp:term":[{"taxonomy":"category","embeddable":true,"href":"https:\/\/www.cronacaonline.it\/index.php\/wp-json\/wp\/v2\/categories?post=88585"},{"taxonomy":"post_tag","embeddable":true,"href":"https:\/\/www.cronacaonline.it\/index.php\/wp-json\/wp\/v2\/tags?post=88585"}],"curies":[{"name":"wp","href":"https:\/\/api.w.org\/{rel}","templated":true}]}}