{"id":88583,"date":"2012-04-18T15:14:01","date_gmt":"2012-04-18T14:14:01","guid":{"rendered":"http:\/\/www.cronacaonline.it\/public\/content\/index.php\/18\/04\/2012\/la-presidente-del-consiglio-regionale-claudia--lombardo-su-approvazione-al-senato-del-disegno-di-legge-costituzionale-sulla-riduzione--del-numero-dei-consiglieri-regionali"},"modified":"2012-04-18T15:14:01","modified_gmt":"2012-04-18T14:14:01","slug":"la-presidente-del-consiglio-regionale-claudia-lombardo-su-approvazione-al-senato-del-disegno-di-legge-costituzionale-sulla-riduzione-del-numero-dei-consiglieri-regionali","status":"publish","type":"post","link":"https:\/\/www.cronacaonline.it\/index.php\/2012\/04\/18\/la-presidente-del-consiglio-regionale-claudia-lombardo-su-approvazione-al-senato-del-disegno-di-legge-costituzionale-sulla-riduzione-del-numero-dei-consiglieri-regionali\/","title":{"rendered":"La Presidente del Consiglio regionale Claudia  Lombardo su approvazione al Senato del Disegno di legge costituzionale sulla riduzione  del numero dei consiglieri regionali"},"content":{"rendered":"<p>L<span style='mso-bidi-font-family: \"Times New Roman\";'>\u2019<\/span>approvazioneda parte del Senato del Disegno di legge costituzionale che prevede lamodifica&nbsp;del numero dei consiglieri regionali della Sardegna, da 80 a 60,&nbsp;&nbsp;siallinea perfettamente con la volont\u00e0 del Consiglio regionale, da tempomanifestata, di essere protagonista nel percorso&nbsp;&nbsp;delle riforme.<\/p>\n<p>Esprime soddisfazione la Presidente del Consiglio regionale&nbsp;&nbsp;ClaudiaLombardo ricordando che con&nbsp;&nbsp;l\u2019approvazione del&nbsp;testo della PLcostituzionale, inteso a modificare l<span style='mso-bidi-font-family: \"Times New Roman\";'>\u2019<\/span>articolo16 dello Statuto di Autonomia, l<span style='mso-bidi-font-family: \"Times New Roman\";'>\u2019<\/span>Assembleasarda&nbsp;&nbsp;aveva gi\u00e0 provveduto a ridurre il numero dei consiglieri a 60.<\/p>\n<p>Si tratta di un ulteriore passo in avanti prosegue laPresidente nel percorso delle Riforme avviato in questa legislatura peradeguare il Parlamento dei sardi alle moderne esigenze di governabilit\u00e0,&nbsp;&nbsp;avendoriguardo al contenimento dei costi e alla qualit\u00e0 e incisivit\u00e0 della produzionelegislativa.<\/p>\n<p>Questa riduzione, appena sar\u00e0 approvata in via definitiva,consentir\u00e0 di avere&nbsp;&nbsp;una struttura legislativa&nbsp;&nbsp;- concludela Presidente Lombardo -&nbsp;in grado di assumere decisioni in tempi rapidi ecapace&nbsp;&nbsp;di incidere positivamente su tutte le problematiche legateallo sviluppo e alla crescita della nostra Regione&nbsp;&nbsp;e&nbsp;&nbsp;&nbsp;diventa,quindi,&nbsp;&nbsp;l<span style='mso-bidi-font-family: \"Times New Roman\";'>\u2019<\/span>imperativoa cui deve far riferimento il legislatore del futuro.&nbsp;Com<\/p>\n","protected":false},"excerpt":{"rendered":"<p>L\u2019approvazioneda parte del Senato del Disegno di legge costituzionale che prevede lamodifica&nbsp;del numero dei consiglieri regionali della Sardegna, da 80 a 60,&nbsp;&nbsp;siallinea perfettamente con la&#8230;<\/p>\n","protected":false},"author":2,"featured_media":0,"comment_status":"closed","ping_status":"closed","sticky":false,"template":"","format":"standard","meta":[],"categories":[49],"tags":[],"_links":{"self":[{"href":"https:\/\/www.cronacaonline.it\/index.php\/wp-json\/wp\/v2\/posts\/88583"}],"collection":[{"href":"https:\/\/www.cronacaonline.it\/index.php\/wp-json\/wp\/v2\/posts"}],"about":[{"href":"https:\/\/www.cronacaonline.it\/index.php\/wp-json\/wp\/v2\/types\/post"}],"author":[{"embeddable":true,"href":"https:\/\/www.cronacaonline.it\/index.php\/wp-json\/wp\/v2\/users\/2"}],"replies":[{"embeddable":true,"href":"https:\/\/www.cronacaonline.it\/index.php\/wp-json\/wp\/v2\/comments?post=88583"}],"version-history":[{"count":0,"href":"https:\/\/www.cronacaonline.it\/index.php\/wp-json\/wp\/v2\/posts\/88583\/revisions"}],"wp:attachment":[{"href":"https:\/\/www.cronacaonline.it\/index.php\/wp-json\/wp\/v2\/media?parent=88583"}],"wp:term":[{"taxonomy":"category","embeddable":true,"href":"https:\/\/www.cronacaonline.it\/index.php\/wp-json\/wp\/v2\/categories?post=88583"},{"taxonomy":"post_tag","embeddable":true,"href":"https:\/\/www.cronacaonline.it\/index.php\/wp-json\/wp\/v2\/tags?post=88583"}],"curies":[{"name":"wp","href":"https:\/\/api.w.org\/{rel}","templated":true}]}}