{"id":88556,"date":"2012-04-14T15:14:01","date_gmt":"2012-04-14T14:14:01","guid":{"rendered":"http:\/\/www.cronacaonline.it\/public\/content\/index.php\/14\/04\/2012\/dramma-in-campo-a-pescara-muore-morosini-subito-dopo-la-figc-sospende-tutti-i-campionati"},"modified":"2012-04-14T15:14:01","modified_gmt":"2012-04-14T14:14:01","slug":"dramma-in-campo-a-pescara-muore-morosini-subito-dopo-la-figc-sospende-tutti-i-campionati","status":"publish","type":"post","link":"https:\/\/www.cronacaonline.it\/index.php\/2012\/04\/14\/dramma-in-campo-a-pescara-muore-morosini-subito-dopo-la-figc-sospende-tutti-i-campionati\/","title":{"rendered":"Dramma in campo a Pescara, muore Morosini. Subito dopo la Figc sospende tutti i campionati"},"content":{"rendered":"<p>Piermario Morosini, il calciatore del Livorno colpito dainfarto mentre era in campo nella partita contro il Pescara,&nbsp;\u00e8 morto.Inutili i tentativi di soccorso praticati in ospedale, dove gli era stato ancheapplicato un pacemaker provvisorio ed era stato posto in coma farmacologico.Scene di dolore tra i giocatori del Livorno che hanno saputo della morte delloro compagno di squadra.<\/p>\n<p>A dare ufficialmente la notizia dell'avvenuto decesso delcalciatore del Livorno&nbsp;\u00e8 stato il primario di cardiologia dell'OspedaleSanto Spirito di Pescara, Leonardo Paloscia. \"Morosini non ha mai ripresoun battito\", ha detto il medico, raccontando gli ultimi momenti di vitadel giocatore del Livorno colpito da infarto poco dopo la mezz'ora del primotempo della gara con il Pescara. \"Da quando sono arrivato io - ha aggiuntoPaloscia - non ha mai dato un cenno di ripresa n\u00e9 di respiro e n\u00e8 di battito.Quando sono arrivato io era tutto fermo. La causa? Non si pu\u00f2 dire, penso chetutto sar\u00e0 rinviato all'esame autoptico. Ritardi? Se si intendono 30 secondinon&nbsp;\u00e8 quello, il medico del Livorno ha effettuato subito il massaggiocardiaco\".<\/p>\n<p>Morosini, nato a Bergamo il 5 luglio 1986, era cresciuto nelsettore giovanile dell'Atalanta. Nel 2004 era passato all'Udinese e con lamaglia bianconera aveva esordito in Serie A nella stagione 2005-2006.Successivamente aveva indossato le casacche di Vicenza, Reggina e Padova primadel trasferimento al Livorno nel gennaio di quest'anno. Morosini era entratonel giro delle Nazionali azzurre nel 2001 con le prime apparizioni nell'Under17. Nel biennio 2007-2009 aveva collezionato 18 presenze con l'Under 21partecipando all'Europeo di categoria.<\/p>\n<p>Stop a tutti i campionati di calcio nel fine settimana, dopola tragica morte di Piermario Morosini. Lo ha deciso la Federcalcio. Lasospensione delle competizioni, ha annunciato il direttore generale della FigcAntonello Valentini, \u00e8 immediatamente in vigore a partire da Milan-Genoaprevista al Meazza alle 18.<\/p>\n<p><span style=\"mso-spacerun: yes;\">&nbsp;<\/span>Il Presidente delConi, Giovanni Petrucci, ha invitato le organizzazioni competenti a farosservare un minuto di silenzio in occasione di tutte le manifestazionisportive, che si disputeranno in Italia da questo momento e per tutto il weekend,in memoria del calciatore Piermario Morosini.<\/p>\n","protected":false},"excerpt":{"rendered":"<p>Piermario Morosini, il calciatore del Livorno colpito dainfarto mentre era in campo nella partita contro il Pescara,&nbsp;\u00e8 morto.Inutili i tentativi di soccorso praticati in ospedale,&#8230;<\/p>\n","protected":false},"author":2,"featured_media":0,"comment_status":"closed","ping_status":"closed","sticky":false,"template":"","format":"standard","meta":[],"categories":[49],"tags":[],"_links":{"self":[{"href":"https:\/\/www.cronacaonline.it\/index.php\/wp-json\/wp\/v2\/posts\/88556"}],"collection":[{"href":"https:\/\/www.cronacaonline.it\/index.php\/wp-json\/wp\/v2\/posts"}],"about":[{"href":"https:\/\/www.cronacaonline.it\/index.php\/wp-json\/wp\/v2\/types\/post"}],"author":[{"embeddable":true,"href":"https:\/\/www.cronacaonline.it\/index.php\/wp-json\/wp\/v2\/users\/2"}],"replies":[{"embeddable":true,"href":"https:\/\/www.cronacaonline.it\/index.php\/wp-json\/wp\/v2\/comments?post=88556"}],"version-history":[{"count":0,"href":"https:\/\/www.cronacaonline.it\/index.php\/wp-json\/wp\/v2\/posts\/88556\/revisions"}],"wp:attachment":[{"href":"https:\/\/www.cronacaonline.it\/index.php\/wp-json\/wp\/v2\/media?parent=88556"}],"wp:term":[{"taxonomy":"category","embeddable":true,"href":"https:\/\/www.cronacaonline.it\/index.php\/wp-json\/wp\/v2\/categories?post=88556"},{"taxonomy":"post_tag","embeddable":true,"href":"https:\/\/www.cronacaonline.it\/index.php\/wp-json\/wp\/v2\/tags?post=88556"}],"curies":[{"name":"wp","href":"https:\/\/api.w.org\/{rel}","templated":true}]}}