{"id":88534,"date":"2012-04-16T15:14:01","date_gmt":"2012-04-16T14:14:01","guid":{"rendered":"http:\/\/www.cronacaonline.it\/public\/content\/index.php\/16\/04\/2012\/in-manette-pregiudicato-quartese-per-furto-aggravato"},"modified":"2012-04-16T15:14:01","modified_gmt":"2012-04-16T14:14:01","slug":"in-manette-pregiudicato-quartese-per-furto-aggravato","status":"publish","type":"post","link":"https:\/\/www.cronacaonline.it\/index.php\/2012\/04\/16\/in-manette-pregiudicato-quartese-per-furto-aggravato\/","title":{"rendered":"In manette pregiudicato quartese per furto aggravato."},"content":{"rendered":"<p><span style=\"font-size: 11pt;\">Gliagenti della Squadra Volanti della Questura di Cagliari hanno arrestato con l\u2019accusadi furto aggravato, Salvatore Caredda, 43 anni, di Quartu Sant\u2019Elena (Ca),<\/span><\/p>\n<p><span style=\"font-size: 11pt;\">Ilpregiudicato, intorno alle 15:20 di ieri, sono giunte alla sala operativa dellaQuestura diverse <span style=\"mso-spacerun: yes;\">&nbsp;<\/span>segnalazioni cheindicavano un individuo che, con fare sospetto, osservava all\u2019interno delleauto parcheggiate nella Via Cavalcanti. Quindi sul posto \u00e8 stata inviata subitouna Volante che, trovandosi nelle immediate vicinanze, ha raggiunto la viaindicata senza per\u00f2 notare la persona segnalata.<\/span><\/p>\n<p><span style=\"font-size: 11pt;\">Ipoliziotti hanno perci\u00f2 percorso le strade adiacenti e nella Via Petrarca hannonotato un uomo, che corrispondeva alle descrizioni fornite poco prima daicittadini, intento a rovistare all\u2019interno di una vettura e, senza che lapersona se ne accorgesse, si sono portati alle sue spalle vedendo cheaccatastava alcuni cd musicali, un frontalino di autoradio, delle chiavi edaltri oggetti.<\/span><\/p>\n<p><span style=\"font-size: 11pt;\">L\u2019uomo\u00e8 stato bloccato ed identificato e si \u00e8 scoperto che questi aveva gi\u00e0 numerosiprecedenti per reati contro il patrimonio.<\/span><\/p>\n<p><span style=\"font-size: 11pt;\">QuindiCaredda \u00e8 stato portato negli uffici della Questura dove dopo le formalit\u00e0 dilegge \u00e8 stato trattenuto nelle camere di sicurezza in attesa dell\u2019udienza diconvalida.<\/span><\/p>\n","protected":false},"excerpt":{"rendered":"<p>Gliagenti della Squadra Volanti della Questura di Cagliari hanno arrestato con l\u2019accusadi furto aggravato, Salvatore Caredda, 43 anni, di Quartu Sant\u2019Elena (Ca), Ilpregiudicato, intorno alle&#8230;<\/p>\n","protected":false},"author":2,"featured_media":0,"comment_status":"closed","ping_status":"closed","sticky":false,"template":"","format":"standard","meta":[],"categories":[49],"tags":[],"_links":{"self":[{"href":"https:\/\/www.cronacaonline.it\/index.php\/wp-json\/wp\/v2\/posts\/88534"}],"collection":[{"href":"https:\/\/www.cronacaonline.it\/index.php\/wp-json\/wp\/v2\/posts"}],"about":[{"href":"https:\/\/www.cronacaonline.it\/index.php\/wp-json\/wp\/v2\/types\/post"}],"author":[{"embeddable":true,"href":"https:\/\/www.cronacaonline.it\/index.php\/wp-json\/wp\/v2\/users\/2"}],"replies":[{"embeddable":true,"href":"https:\/\/www.cronacaonline.it\/index.php\/wp-json\/wp\/v2\/comments?post=88534"}],"version-history":[{"count":0,"href":"https:\/\/www.cronacaonline.it\/index.php\/wp-json\/wp\/v2\/posts\/88534\/revisions"}],"wp:attachment":[{"href":"https:\/\/www.cronacaonline.it\/index.php\/wp-json\/wp\/v2\/media?parent=88534"}],"wp:term":[{"taxonomy":"category","embeddable":true,"href":"https:\/\/www.cronacaonline.it\/index.php\/wp-json\/wp\/v2\/categories?post=88534"},{"taxonomy":"post_tag","embeddable":true,"href":"https:\/\/www.cronacaonline.it\/index.php\/wp-json\/wp\/v2\/tags?post=88534"}],"curies":[{"name":"wp","href":"https:\/\/api.w.org\/{rel}","templated":true}]}}