{"id":88493,"date":"2012-04-26T15:14:01","date_gmt":"2012-04-26T14:14:01","guid":{"rendered":"http:\/\/www.cronacaonline.it\/public\/content\/index.php\/26\/04\/2012\/a-nuoro-il-congresso-regionale-di-dermatologia-presieduto-dal-dottor-salvatore-deledda-direttore-dellunita-operativa-di-dermatologia-dellospedale-san-francesco"},"modified":"2012-04-26T15:14:01","modified_gmt":"2012-04-26T14:14:01","slug":"a-nuoro-il-congresso-regionale-di-dermatologia-presieduto-dal-dottor-salvatore-deledda-direttore-dellunita-operativa-di-dermatologia-dellospedale-san-francesco","status":"publish","type":"post","link":"https:\/\/www.cronacaonline.it\/index.php\/2012\/04\/26\/a-nuoro-il-congresso-regionale-di-dermatologia-presieduto-dal-dottor-salvatore-deledda-direttore-dellunita-operativa-di-dermatologia-dellospedale-san-francesco\/","title":{"rendered":"A Nuoro il Congresso regionale di Dermatologia presieduto dal dottor Salvatore Deledda, direttore dell&#8217;unit\u00e0 operativa di Dermatologia dell\u2019Ospedale San Francesco"},"content":{"rendered":"<p>Nuoro ospita il \u201cCongresso regionale di dermatologia\u201d. Ilsimposio, al quale prenderanno parte i maggiori esperti dermatologi regionali,si terr\u00e0 sabato 5 maggio presso la sala conferenze dell'Hotel Grillo, in viaMonsignor Giuseppe Melas 14. Il corposo programma dei lavori, suddiviso in tresessioni, avr\u00e0 inizio alle ore 8.30 con la registrazione dei partecipanti. Dopoil saluto del Direttore Generale dell'Azienda Sanitaria di Nuoro, DottorAntonio Maria Soru, ci sar\u00e0 una commemorazione del Professor Giovanni Bonu daparte del Dottor Antonello Soro.<\/p>\n<p>\u00abTra gli obiettivi del convegno \u2013 spiega il Dottor SalvatoreDeledda \u2013 figura quello dell\u2019aggiornamento su temi di crescente interesse delladermatologia medica e chirurgica, rivolto in particolare agli addetti delsettore ospedaliero e territoriale, per tentare di mettere in comune le scelteterapeutiche in ambito regionale. L\u2019incontro \u2013 conclude Deledda \u2013 sar\u00e0 anchel\u2019occasione per acquisire informazioni pratiche sulle pi\u00f9 recenti metodicheterapeutiche, per una pi\u00f9 facile applicabilit\u00e0 nella pratica clinicaquotidiana, e per condividere le esperienze in ambito regionale per quantoriguarda, in particolare, le patologie rare o a limitata diffusione e di dubbiariconoscibilit\u00e0\u00bb. Tutto ci\u00f2 per cercare di migliorare le prestazioni da fornireai cittadini e razionalizzare la spesa sanitaria\u201d. Al termine dei lavori agliiscritti verr\u00e0 rilasciato un attestato di partecipazione. Crediti ECM(Educazione Continua in Medicina) sono disponibili per 90 medici e infermieridelle ASL sarde. Gli interessati dovranno inviare la scheda di iscrizione,correttamente compilata in tutte le sue parti, al Servizio Formazione - AreaOspedaliera (scaricabile alla pagina del sito web www.aslnuoro.it, alla voceFormazione Ospedaliera \u2013 Modulistica e documenti), entro il 30 aprile 2012.<\/p>\n","protected":false},"excerpt":{"rendered":"<p>Nuoro ospita il \u201cCongresso regionale di dermatologia\u201d. Ilsimposio, al quale prenderanno parte i maggiori esperti dermatologi regionali,si terr\u00e0 sabato 5 maggio presso la sala conferenze&#8230;<\/p>\n","protected":false},"author":2,"featured_media":0,"comment_status":"closed","ping_status":"closed","sticky":false,"template":"","format":"standard","meta":[],"categories":[49],"tags":[],"_links":{"self":[{"href":"https:\/\/www.cronacaonline.it\/index.php\/wp-json\/wp\/v2\/posts\/88493"}],"collection":[{"href":"https:\/\/www.cronacaonline.it\/index.php\/wp-json\/wp\/v2\/posts"}],"about":[{"href":"https:\/\/www.cronacaonline.it\/index.php\/wp-json\/wp\/v2\/types\/post"}],"author":[{"embeddable":true,"href":"https:\/\/www.cronacaonline.it\/index.php\/wp-json\/wp\/v2\/users\/2"}],"replies":[{"embeddable":true,"href":"https:\/\/www.cronacaonline.it\/index.php\/wp-json\/wp\/v2\/comments?post=88493"}],"version-history":[{"count":0,"href":"https:\/\/www.cronacaonline.it\/index.php\/wp-json\/wp\/v2\/posts\/88493\/revisions"}],"wp:attachment":[{"href":"https:\/\/www.cronacaonline.it\/index.php\/wp-json\/wp\/v2\/media?parent=88493"}],"wp:term":[{"taxonomy":"category","embeddable":true,"href":"https:\/\/www.cronacaonline.it\/index.php\/wp-json\/wp\/v2\/categories?post=88493"},{"taxonomy":"post_tag","embeddable":true,"href":"https:\/\/www.cronacaonline.it\/index.php\/wp-json\/wp\/v2\/tags?post=88493"}],"curies":[{"name":"wp","href":"https:\/\/api.w.org\/{rel}","templated":true}]}}