{"id":88490,"date":"2012-04-18T15:14:01","date_gmt":"2012-04-18T14:14:01","guid":{"rendered":"http:\/\/www.cronacaonline.it\/public\/content\/index.php\/18\/04\/2012\/da-giovedi-19-aprile-inizia-la-vendita-dei-biglietti-per-la-stagione-lirica-e-di-balletto-2012-del-teatro-lirico-di-cagliari"},"modified":"2012-04-18T15:14:01","modified_gmt":"2012-04-18T14:14:01","slug":"da-giovedi-19-aprile-inizia-la-vendita-dei-biglietti-per-la-stagione-lirica-e-di-balletto-2012-del-teatro-lirico-di-cagliari","status":"publish","type":"post","link":"https:\/\/www.cronacaonline.it\/index.php\/2012\/04\/18\/da-giovedi-19-aprile-inizia-la-vendita-dei-biglietti-per-la-stagione-lirica-e-di-balletto-2012-del-teatro-lirico-di-cagliari\/","title":{"rendered":"Da gioved\u00ec 19 aprile inizia la vendita dei biglietti per la Stagione lirica e di balletto 2012 del Teatro Lirico di Cagliari"},"content":{"rendered":"<p>La campagna abbonamenti per l\u2019ormai imminente Stagionelirica e di balletto 2012 del Teatro Lirico di Cagliari, si conclude, gioved\u00ec 19aprile, con l\u2019inizio della vendita dei biglietti per tutti gli spettacoli dellastessa Stagione lirica e di balletto.<\/p>\n<p><span style=\"mso-spacerun: yes;\">&nbsp;<\/span>\u00c8 possibileacquistare i biglietti, entro e non oltre dieci giorni dallo spettacolo,tramite bonifico bancario (Banco di Sardegna: c\/c intestato a INCASSI - IBAN:IT70K 0101504800000070170962 - BIC: SARDIT 3 S XXX) o vaglia postale (intestatoa Fondazione Teatro Lirico di Cagliari, via Sant\u2019Alenixedda, 09128 Cagliari)previa verifica telefonica della disponibilit\u00e0.<\/p>\n<p><span style=\"mso-spacerun: yes;\">&nbsp;<\/span>La Stagione lirica edi balletto 2012 prevede sei turni di abbonamento (A, B, C, D, F, G), per seispettacoli ciascuno (Don Quichotte, Le Rossignol-Gianni Schicchi, Le nozze diFigaro, Nabucco, Salome, La Belle - La bella addormentata nel bosco).<\/p>\n<p>Come ormai consuetudine i posti in teatro sono identificatiper ordine (platea, prima e seconda loggia) e per settore (giallo, rosso eblu). Ad ogni settore corrisponde un prezzo, secondo il diverso valore deiposti.<\/p>\n<p><span style=\"mso-spacerun: yes;\">&nbsp;<\/span>La Stagione lirica edi balletto 2012 si avvale della collaborazione di: Fondazione Banco diSardegna, Capitta &amp; Partners.<\/p>\n<p>Prezzi abbonamenti: platea da \u20ac <st1:metricconverter w:st=\"on\" ProductID=\"255,00 a\">255,00 a<\/st1:metricconverter> \u20ac 195,00 (settoregiallo), da \u20ac <st1:metricconverter w:st=\"on\" ProductID=\"225,00 a\">225,00 a<\/st1:metricconverter>\u20ac 175,00 (settore rosso), da \u20ac <st1:metricconverter w:st=\"on\" ProductID=\"195,00 a\">195,00 a<\/st1:metricconverter> \u20ac 130,00 (settore blu); I loggia da \u20ac <st1:metricconverter w:st=\"on\" ProductID=\"205,00 a\">205,00 a<\/st1:metricconverter> \u20ac 145,00 (settoregiallo), da \u20ac <st1:metricconverter w:st=\"on\" ProductID=\"165,00 a\">165,00 a<\/st1:metricconverter>\u20ac 120,00 (settore rosso), da \u20ac <st1:metricconverter w:st=\"on\" ProductID=\"150,00 a\">150,00 a<\/st1:metricconverter> \u20ac 105,00 (settore blu); II loggia da \u20ac <st1:metricconverter w:st=\"on\" ProductID=\"120,00 a\">120,00 a<\/st1:metricconverter> \u20ac 105,00 (settoregiallo), da \u20ac <st1:metricconverter w:st=\"on\" ProductID=\"100,00 a\">100,00 a<\/st1:metricconverter>\u20ac 80,00 (settore rosso), da \u20ac <st1:metricconverter w:st=\"on\" ProductID=\"75,00 a\">75,00 a<\/st1:metricconverter> \u20ac 50,00 (settore blu).<\/p>\n<p>Prezzi biglietti: platea da \u20ac <st1:metricconverter w:st=\"on\" ProductID=\"70,00 a\">70,00 a<\/st1:metricconverter> \u20ac 45,00 (settoregiallo), da \u20ac <st1:metricconverter w:st=\"on\" ProductID=\"55,00 a\">55,00 a<\/st1:metricconverter>\u20ac 35,00 (settore rosso), da \u20ac <st1:metricconverter w:st=\"on\" ProductID=\"40,00 a\">40,00 a<\/st1:metricconverter> \u20ac 25,00 (settore blu); I loggia da \u20ac <st1:metricconverter w:st=\"on\" ProductID=\"50,00 a\">50,00 a<\/st1:metricconverter> \u20ac 30,00 (settoregiallo), da \u20ac <st1:metricconverter w:st=\"on\" ProductID=\"40,00 a\">40,00 a<\/st1:metricconverter>\u20ac 25,00 (settore rosso), da \u20ac <st1:metricconverter w:st=\"on\" ProductID=\"35,00 a\">35,00 a<\/st1:metricconverter> \u20ac 20,00 (settore blu); II loggia da \u20ac <st1:metricconverter w:st=\"on\" ProductID=\"30,00 a\">30,00 a<\/st1:metricconverter> \u20ac 20,00 (settoregiallo), da \u20ac <st1:metricconverter w:st=\"on\" ProductID=\"20,00 a\">20,00 a<\/st1:metricconverter>\u20ac 15,00 (settore rosso), da \u20ac <st1:metricconverter w:st=\"on\" ProductID=\"15,00 a\">15,00 a<\/st1:metricconverter> \u20ac 10,00 (settore blu).<\/p>\n<p>La Biglietteria del Teatro Lirico \u00e8 aperta dal luned\u00ec alvenerd\u00ec, dalle 10 alle 13 e dalle 17 alle 20, il sabato dalle 10 alle 13 enell\u2019ora precedente lo spettacolo. Rimane chiusa i giorni festivi. Com<\/p>\n","protected":false},"excerpt":{"rendered":"<p>La campagna abbonamenti per l\u2019ormai imminente Stagionelirica e di balletto 2012 del Teatro Lirico di Cagliari, si conclude, gioved\u00ec 19aprile, con l\u2019inizio della vendita dei&#8230;<\/p>\n","protected":false},"author":2,"featured_media":0,"comment_status":"closed","ping_status":"closed","sticky":false,"template":"","format":"standard","meta":[],"categories":[49],"tags":[],"_links":{"self":[{"href":"https:\/\/www.cronacaonline.it\/index.php\/wp-json\/wp\/v2\/posts\/88490"}],"collection":[{"href":"https:\/\/www.cronacaonline.it\/index.php\/wp-json\/wp\/v2\/posts"}],"about":[{"href":"https:\/\/www.cronacaonline.it\/index.php\/wp-json\/wp\/v2\/types\/post"}],"author":[{"embeddable":true,"href":"https:\/\/www.cronacaonline.it\/index.php\/wp-json\/wp\/v2\/users\/2"}],"replies":[{"embeddable":true,"href":"https:\/\/www.cronacaonline.it\/index.php\/wp-json\/wp\/v2\/comments?post=88490"}],"version-history":[{"count":0,"href":"https:\/\/www.cronacaonline.it\/index.php\/wp-json\/wp\/v2\/posts\/88490\/revisions"}],"wp:attachment":[{"href":"https:\/\/www.cronacaonline.it\/index.php\/wp-json\/wp\/v2\/media?parent=88490"}],"wp:term":[{"taxonomy":"category","embeddable":true,"href":"https:\/\/www.cronacaonline.it\/index.php\/wp-json\/wp\/v2\/categories?post=88490"},{"taxonomy":"post_tag","embeddable":true,"href":"https:\/\/www.cronacaonline.it\/index.php\/wp-json\/wp\/v2\/tags?post=88490"}],"curies":[{"name":"wp","href":"https:\/\/api.w.org\/{rel}","templated":true}]}}