{"id":88482,"date":"2012-04-27T15:14:01","date_gmt":"2012-04-27T14:14:01","guid":{"rendered":"http:\/\/www.cronacaonline.it\/public\/content\/index.php\/27\/04\/2012\/lunedi-prossimo-presentazione-dei-campioni-mondiali-del-beach-tennis-al-poetto-di-cagliari"},"modified":"2012-04-27T15:14:01","modified_gmt":"2012-04-27T14:14:01","slug":"lunedi-prossimo-presentazione-dei-campioni-mondiali-del-beach-tennis-al-poetto-di-cagliari","status":"publish","type":"post","link":"https:\/\/www.cronacaonline.it\/index.php\/2012\/04\/27\/lunedi-prossimo-presentazione-dei-campioni-mondiali-del-beach-tennis-al-poetto-di-cagliari\/","title":{"rendered":"Luned\u00ec prossimo presentazione dei campioni mondiali del beach tennis al Poetto di Cagliari."},"content":{"rendered":"<p><span style='font-family: \"Times New Roman\",\"serif\";'>La terzaedizione della \u201cSant\u2019Efisio Cup \u2013 Internazionali di Cagliari\u201d si tiene sabato 5<\/span><span style='font-family: \"Times New Roman\",\"serif\";'>edomenica 6 maggio. In gara i protagonisti del circuito di doppio maschile efemminile. Testimonial i rossobl\u00f9 Cossu e Pisano e l\u2019olimpionico di Sidney2000, Maurizio Pimponi.<\/span><\/p>\n<p><span style='font-family: \"Times New Roman\",\"serif\";'><\/span><span style='font-family: \"Times New Roman\",\"serif\"; mso-fareast-font-family: \"Arial Unicode MS\";'>Luned\u00ec 30 aprile, alle 10.30, nellaterrazza dello stabilimento balneare Il Lido \u2013 viale Poetto - si tiene laconferenza stampa di presentazione della terza edizione della \u201cSant\u2019Efisio Cup\u2013 Internazionali di Cagliari\u201d organizzata dall\u2019associazione Beach Trib\u00f9.L\u2019evento \u2013 patrocinato dal comune di Cagliari \u2013 coinvolge oltre 300 tra atleti,tecnici e accompagnatori.<\/span><\/p>\n<p><span style='font-family: \"Times New Roman\",\"serif\";'>Sport,turismo e territorio. La manifestazione apre la stagione estiva e coniuga leattivit\u00e0 sportive di livello con le bellezze naturali della citt\u00e0. I campionatidi beach tennis non solo danno visibilit\u00e0 alla spiaggia del Poetto marilanciano le potenzialit\u00e0 attrattive del capoluogo con le riprese delleemittenti tv nazionali Sky sport 24 e Supertennis. Le gare sono seguite anchedai principali media locali.<\/span><\/p>\n<p><span style='font-family: \"Times New Roman\",\"serif\";'>La duegiorni: beach tennis e solidariet\u00e0. I campionati si aprono sabato 5 maggio alle9 e proseguono domenica 6 su dieci campi con tribunette realizzati sullaspiaggia del Lido. Oltre ai tabelloni principali, \u00e8 prevista anche unamanifestazione promozionale e un evento inserito all\u2019interno della \u201cSettimanadi sport e solidariet\u00e0\u201d curata dall\u2019Ups. <\/span><\/p>\n<p><span style='font-family: \"Times New Roman\",\"serif\"; mso-fareast-font-family: \"Arial Unicode MS\";'>Campioni e team. La delegazionerussa, con 12 partecipanti, \u00e8 quella pi\u00f9 numerosa. Ma sono ampie anche le rosedi Francia e Spagna. Iscritti anche atleti di Bulgaria, Repubblica Ceca, e GranBretagna. L\u2019entry list ha in testa Alessandro Calbucci, numero 2 al mondo. Trai sardi, Paolo Tronci (12 al mondo), i campioni regionali 2012 Conti e Floris,la numero uno Alessandra Russo (12 in Italia). <\/span><\/p>\n<p><span style='font-family: \"Times New Roman\",\"serif\"; mso-fareast-font-family: \"Arial Unicode MS\";'>Testimonial. Neofiti delladisciplina, ma nel suoi trascorsi recenti sulla panchina del Cagliari eragiocatore abituale<span style=\"mso-spacerun: yes;\">&nbsp; <\/span>Max Allegri, sono AndreaCossu e Francesco Pisano. Le due colonne rossobl\u00f9 presenzieranno allaconferenza stampa. Con loro anche l\u2019olimpionico (Sidney 2000) di beach volley, MaurizioPimponi.<\/span><\/p>\n<p><span style='font-family: \"Times New Roman\",\"serif\";'>Allaconferenza di presentazione della manifestazione alle testate giornalisticheprendono parte gli assessori comunali al turismo e allo sport, Barbara Argiolased Enrica Puggioni, il presidente del Coni regionale, Gianfranco Fara, ilpresidente e il vice di Beach Trib\u00f9, Beppe Martinez e Stefano Cocco, el\u2019olimpionico Maurizio Pimponi.<\/span><\/p>\n<p><b style=\"mso-bidi-font-weight: normal;\"><span style='font-family: \"Times New Roman\",\"serif\";'>&nbsp;<\/span><\/b><\/p>\n","protected":false},"excerpt":{"rendered":"<p>La terzaedizione della \u201cSant\u2019Efisio Cup \u2013 Internazionali di Cagliari\u201d si tiene sabato 5edomenica 6 maggio. In gara i protagonisti del circuito di doppio maschile efemminile.&#8230;<\/p>\n","protected":false},"author":2,"featured_media":0,"comment_status":"closed","ping_status":"closed","sticky":false,"template":"","format":"standard","meta":[],"categories":[49],"tags":[],"_links":{"self":[{"href":"https:\/\/www.cronacaonline.it\/index.php\/wp-json\/wp\/v2\/posts\/88482"}],"collection":[{"href":"https:\/\/www.cronacaonline.it\/index.php\/wp-json\/wp\/v2\/posts"}],"about":[{"href":"https:\/\/www.cronacaonline.it\/index.php\/wp-json\/wp\/v2\/types\/post"}],"author":[{"embeddable":true,"href":"https:\/\/www.cronacaonline.it\/index.php\/wp-json\/wp\/v2\/users\/2"}],"replies":[{"embeddable":true,"href":"https:\/\/www.cronacaonline.it\/index.php\/wp-json\/wp\/v2\/comments?post=88482"}],"version-history":[{"count":0,"href":"https:\/\/www.cronacaonline.it\/index.php\/wp-json\/wp\/v2\/posts\/88482\/revisions"}],"wp:attachment":[{"href":"https:\/\/www.cronacaonline.it\/index.php\/wp-json\/wp\/v2\/media?parent=88482"}],"wp:term":[{"taxonomy":"category","embeddable":true,"href":"https:\/\/www.cronacaonline.it\/index.php\/wp-json\/wp\/v2\/categories?post=88482"},{"taxonomy":"post_tag","embeddable":true,"href":"https:\/\/www.cronacaonline.it\/index.php\/wp-json\/wp\/v2\/tags?post=88482"}],"curies":[{"name":"wp","href":"https:\/\/api.w.org\/{rel}","templated":true}]}}