{"id":88477,"date":"2012-04-26T15:14:01","date_gmt":"2012-04-26T14:14:01","guid":{"rendered":"http:\/\/www.cronacaonline.it\/public\/content\/index.php\/26\/04\/2012\/sanita-via-libera-ai-risparmi-sulla-spesa-farmaceutica-e-alle-linee-guida-per-la-sanita-penitenziariag"},"modified":"2012-04-26T15:14:01","modified_gmt":"2012-04-26T14:14:01","slug":"sanita-via-libera-ai-risparmi-sulla-spesa-farmaceutica-e-alle-linee-guida-per-la-sanita-penitenziariag","status":"publish","type":"post","link":"https:\/\/www.cronacaonline.it\/index.php\/2012\/04\/26\/sanita-via-libera-ai-risparmi-sulla-spesa-farmaceutica-e-alle-linee-guida-per-la-sanita-penitenziariag\/","title":{"rendered":"Sanit\u00e0: Via libera ai risparmi sulla spesa farmaceutica e alle linee guida per la sanit\u00e0 penitenziariag"},"content":{"rendered":"<p>Contenere la spesa farmaceutica in Sardegna attraverso diecinuove azioni e garantire una sanit\u00e0 di qualit\u00e0 anche ai detenuti nelle carceriisolane grazie all\u2019approvazione delle Linee guida per la disciplinadell\u2019ordinamento della sanit\u00e0 penitenziaria. Sono gli obiettivi di due distintedelibere approvate dalla Giunta Cappellacci marted\u00ec scorso e illustrate&nbsp;oggidall\u2019assessore regionale della Sanit\u00e0 Simona De Francisci. Novit\u00e0 in arrivoanche&nbsp;sul fronte degli attuali Ospedali psichiatrici giudiziari.<\/p>\n<p>La riduzione della spesa farmaceutica \u00e8 uno dei pilastridella strategia della Giunta in materia sanitaria. La delibera mette in campoulteriori azioni per razionalizzare sia la spesa ospedaliera che quellaterritoriale (erogata quest\u2019ultima tramite le farmacie convenzionate e dalladistribuzione diretta dei farmaci di classe A da parte di strutture pubbliche odi farmacie convenzionate in nome e per conto delle Asl). Nel 2011, per quantoriguarda la spesa farmaceutica ospedaliera (proiezione primo semestre), sonostati spesi circa 164 milioni di euro, mentre sulla farmaceutica territoriale,la spesa si \u00e8 attestata su 457,5 milioni.<\/p>\n<p>\u201cA circa un mese dai rilievi della Corte dei Conti, eseguendo anche le indicazioni dell\u2019Aifa, l\u2019Agenzia del farmaco \u2013 ha dettol\u2019assessore De Francisci - adottiamo un provvedimento importante che vuoleincidere, tra le altre cose, sui meccanismi di acquisto dei farmaci arrivandocos\u00ec a significative economie senza per questo risparmiare sull\u2019assistenzaall\u2019utente finale. Secondo una prima stima, tra un anno contiamo di risparmiaretra i 30 e i 40 milioni di euro sul totale della spesa. In pi\u00f9, quando sar\u00e0 aregime il Sisar, il sistema informativo sanitario regionale, tutti gli ospedalisardi saranno dotati degli \u201carmadietti informatizzati di reparto\u201d, cheaiuteranno a seguire il percorso dei farmaci, come gi\u00e0 avviene in altreRegioni, e a migliorare cos\u00ec l\u2019appropriatezza prescrittiva\u201d.<\/p>\n<p>Tra le nuove misure in campo, la centralizzazione degliacquisti attraverso gare pluriennali in Unione d\u2019acquisto o di livelloregionale (che per esempio nel Sassarese ha gi\u00e0 consentito un risparmio dicirca il 6% sui prezzi medi precedentemente ottenuti con gare di singole Asl),un\u2019applicazione puntuale del Ptr (Prontuario terapeutico regionale), ilrafforzamento della distribuzione diretta dei farmaci per il primo ciclo diterapia in seguito a dimissione ospedaliera o visita specialisticaambulatoriale, il potenziamento della prescrizione dei medicinali a brevettoscaduto<a name=\"OLE_LINK3\"><\/a><a name=\"OLE_LINK4\"><\/a><span style=\"mso-bookmark: OLE_LINK3;\">&nbsp;e il potenziamento della distribuzione diretta e per conto deifarmaci ad alto costo&nbsp;&nbsp;di classe A grazie a un accordo con FederfarmaSardegna<\/span>.<\/p>\n<p>Garantire una sanit\u00e0 di qualit\u00e0 anche a chi \u00e8 detenuto eallo stesso tempo salvaguardare le professionalit\u00e0 del personale sanitario cheopera nelle carceri della Sardegna (in tutto 238 lavoratori) sono stati iprincipi ispiratori delle Linee guida per l\u2019ordinamento della sanit\u00e0penitenziaria approvate nella seconda delibera, proposta sempre dall\u2019assessoreDe Francisci. \u201cAbbiamo utilizzato una metodologia innovativa \u2013 ha spiegato \u2013perch\u00e9 si tratta di un percorso, nel passaggio dallo Stato alla Regione, cheabbiamo voluto condividere il pi\u00f9 possibile con i sindacati, le Asl, il dipartimento&nbsp;dell\u2019Amministrazionepenitenziaria e con il dipartimento per la Giustizia minorile.<\/p>\n<p>Novit\u00e0 anche sul fronte degli attuali Ospedali psichiatricigiudiziari: \"Stiamo lavorando - ha anticipato l'assessore - assieme alleRegioni&nbsp;che afferiscono all'Opg di Montelupo (Toscana, Sardegna, Liguria,Umbria) per favorire le dimissioni e diminuire gli ingressi dei pazienti, inmodo tale da inserirci in un percorso di appropriatezza sui detenuti che possonoessere cos\u00ec assistiti in nostre strutture sanitarie. L'obiettivo \u00e8 garantire unpercorso riabilitativo valido e condiviso con i responsabili psichiatrici delleAsl e con la magistratura di sorveglianza. Stiamo valutando dunque, per chi hanecessit\u00e0 di misure particolari, di attrezzare strutture idonee secondo quelleche saranno le disposizioni ministeriali come previsto dalla legge nazionale9\/2012\". Com<\/p>\n","protected":false},"excerpt":{"rendered":"<p>Contenere la spesa farmaceutica in Sardegna attraverso diecinuove azioni e garantire una sanit\u00e0 di qualit\u00e0 anche ai detenuti nelle carceriisolane grazie all\u2019approvazione delle Linee guida&#8230;<\/p>\n","protected":false},"author":2,"featured_media":0,"comment_status":"closed","ping_status":"closed","sticky":false,"template":"","format":"standard","meta":[],"categories":[49],"tags":[],"_links":{"self":[{"href":"https:\/\/www.cronacaonline.it\/index.php\/wp-json\/wp\/v2\/posts\/88477"}],"collection":[{"href":"https:\/\/www.cronacaonline.it\/index.php\/wp-json\/wp\/v2\/posts"}],"about":[{"href":"https:\/\/www.cronacaonline.it\/index.php\/wp-json\/wp\/v2\/types\/post"}],"author":[{"embeddable":true,"href":"https:\/\/www.cronacaonline.it\/index.php\/wp-json\/wp\/v2\/users\/2"}],"replies":[{"embeddable":true,"href":"https:\/\/www.cronacaonline.it\/index.php\/wp-json\/wp\/v2\/comments?post=88477"}],"version-history":[{"count":0,"href":"https:\/\/www.cronacaonline.it\/index.php\/wp-json\/wp\/v2\/posts\/88477\/revisions"}],"wp:attachment":[{"href":"https:\/\/www.cronacaonline.it\/index.php\/wp-json\/wp\/v2\/media?parent=88477"}],"wp:term":[{"taxonomy":"category","embeddable":true,"href":"https:\/\/www.cronacaonline.it\/index.php\/wp-json\/wp\/v2\/categories?post=88477"},{"taxonomy":"post_tag","embeddable":true,"href":"https:\/\/www.cronacaonline.it\/index.php\/wp-json\/wp\/v2\/tags?post=88477"}],"curies":[{"name":"wp","href":"https:\/\/api.w.org\/{rel}","templated":true}]}}