{"id":88473,"date":"2012-04-14T15:14:01","date_gmt":"2012-04-14T14:14:01","guid":{"rendered":"http:\/\/www.cronacaonline.it\/public\/content\/index.php\/14\/04\/2012\/ministro-fornero-impegno-su-stabilizzazione-finanziaria-e-rassicura-dopo-i-65mila-esodati-soluzioni-per-gli-altri"},"modified":"2012-04-14T15:14:01","modified_gmt":"2012-04-14T14:14:01","slug":"ministro-fornero-impegno-su-stabilizzazione-finanziaria-e-rassicura-dopo-i-65mila-esodati-soluzioni-per-gli-altri","status":"publish","type":"post","link":"https:\/\/www.cronacaonline.it\/index.php\/2012\/04\/14\/ministro-fornero-impegno-su-stabilizzazione-finanziaria-e-rassicura-dopo-i-65mila-esodati-soluzioni-per-gli-altri\/","title":{"rendered":"Ministro Fornero: impegno su stabilizzazione finanziaria e rassicura, &#8220;dopo i 65mila esodati, soluzioni per gli altri&#8221;"},"content":{"rendered":"<p>\"Non ritengo che si possa accusare il ministro, n\u00e9 ilministero, della variet\u00e0 di stime e quantificazioni di diversa provenienza cheha caratterizzato le ultime settimane alimentando, oltre all'ansia, lalegittima preoccupazione delle persone. N\u00e9 sarebbe stato appropriato, in attesadella valutazione ufficiale, correggere le cifre di volta in volta apparse suigiornali\".&nbsp;<\/p>\n<p>\u00c8 quanto afferma il ministro del Lavoro, Elsa Fornero, inuna lettera al Sole 24 Ore, in cui rcorda che \"nessuno sar\u00e0 toccato daglieffetti della riforma previdenziale nel corso del 2012 e che il 'Salva Italia'ha fissato al 30 giugno il termine entro il quale emanare il decretointerministeriale per la precisa individuazione delle persone portatrici deldiritto soggettivo al pensionamento\".&nbsp;<\/p>\n<p>\"Proprio la consapevolezza di una platea non coperta daun'interpretazione stretta dei criteri individuati nella riforma delle pensioni- fa sapere quindi Fornero -, mi ha indotta ad assumere un impegno ulteriorecirca l'adozione di provvedimenti normativi che possano ricomprenderesituazioni analoghe scaturenti da accordi collettivi, stipulati in sedegovernativa, entro il 2011, ma non ancora perfezionati quanto a interruzionedel rapporto di lavoro\".<\/p>\n<p>\"Il Governo non ha bacchette magiche. Stiamo lavorandosul fronte della stabilizzazione finanziaria perch\u00e9&nbsp;\u00e8 quello che stringela gola alle imprese\". Lo ha detto il Ministro del Lavoro, Elsa Fornero,stamane a Reggio Calabria a margine di un convegno. \"Stiamo lavorando -aggiunge - anche sul fronte delle liberalizzazioni ed in particolare sullariforma del mercato del lavoro. Ci stiamo impegnando molto, sapendo che lasituazione&nbsp;\u00e8 difficile\".<\/p>\n<p>\"Ho promesso che mi impegner\u00f2 poich\u00e9 la norma nonpoteva contenere tutti quelli che rischiano il posto di lavoro in prossimit\u00e0della pensione\". Lo ha detto il Ministro del Lavoro, Elsa Fornero, stamanea Reggio Calabria circa la vicenda degli esodati. \"Abbiamo sentito cifre -ha aggiunto - che non sono pervenute ufficialmente. Il Ministero le cifre le hadate ieri a seguito di un lavoro tecnico preciso\".<\/p>\n<p>''Vado a questo appuntamento con seriet\u00e0 e senza arroganza.Abbiamo lavorato bene e forse qualcuno ha cambiato idea rispetto alle posizioniprecedenti''. Lo ha detto il Ministro del Lavoro, Elsa Fornero, circa lariforma del lavoro in vista del vertice di maggioranza. ''E' possibile -aggiunge - cambiare idea, come \u00e8 possibile cambiare qualcosa della riforma,nessuno dice che sia intoccabile. Ma rivendico che questa riforma ha un suoequilibrio e una sua valenza generale''<\/p>\n","protected":false},"excerpt":{"rendered":"<p>&#8220;Non ritengo che si possa accusare il ministro, n\u00e9 ilministero, della variet\u00e0 di stime e quantificazioni di diversa provenienza cheha caratterizzato le ultime settimane alimentando,&#8230;<\/p>\n","protected":false},"author":2,"featured_media":0,"comment_status":"closed","ping_status":"closed","sticky":false,"template":"","format":"standard","meta":[],"categories":[49],"tags":[],"_links":{"self":[{"href":"https:\/\/www.cronacaonline.it\/index.php\/wp-json\/wp\/v2\/posts\/88473"}],"collection":[{"href":"https:\/\/www.cronacaonline.it\/index.php\/wp-json\/wp\/v2\/posts"}],"about":[{"href":"https:\/\/www.cronacaonline.it\/index.php\/wp-json\/wp\/v2\/types\/post"}],"author":[{"embeddable":true,"href":"https:\/\/www.cronacaonline.it\/index.php\/wp-json\/wp\/v2\/users\/2"}],"replies":[{"embeddable":true,"href":"https:\/\/www.cronacaonline.it\/index.php\/wp-json\/wp\/v2\/comments?post=88473"}],"version-history":[{"count":0,"href":"https:\/\/www.cronacaonline.it\/index.php\/wp-json\/wp\/v2\/posts\/88473\/revisions"}],"wp:attachment":[{"href":"https:\/\/www.cronacaonline.it\/index.php\/wp-json\/wp\/v2\/media?parent=88473"}],"wp:term":[{"taxonomy":"category","embeddable":true,"href":"https:\/\/www.cronacaonline.it\/index.php\/wp-json\/wp\/v2\/categories?post=88473"},{"taxonomy":"post_tag","embeddable":true,"href":"https:\/\/www.cronacaonline.it\/index.php\/wp-json\/wp\/v2\/tags?post=88473"}],"curies":[{"name":"wp","href":"https:\/\/api.w.org\/{rel}","templated":true}]}}