{"id":88471,"date":"2012-04-17T15:14:01","date_gmt":"2012-04-17T14:14:01","guid":{"rendered":"http:\/\/www.cronacaonline.it\/public\/content\/index.php\/17\/04\/2012\/cciaa-cagliari-mostra-al-palazzo-delleconomia-prosegue-fino-a-venerdi-20"},"modified":"2012-04-17T15:14:01","modified_gmt":"2012-04-17T14:14:01","slug":"cciaa-cagliari-mostra-al-palazzo-delleconomia-prosegue-fino-a-venerdi-20","status":"publish","type":"post","link":"https:\/\/www.cronacaonline.it\/index.php\/2012\/04\/17\/cciaa-cagliari-mostra-al-palazzo-delleconomia-prosegue-fino-a-venerdi-20\/","title":{"rendered":"Cciaa Cagliari: mostra al palazzo dell&#8217;economia prosegue fino a venerd\u00ec 20"},"content":{"rendered":"<p>Prosegue fino a venerd\u00ec 20 aprilel\u2019apertura al pubblico della mostra bibliografica-documentaria allestita nellesale del Palazzo dell\u2019Economia, la sede storica della Camera di commercio diCagliari (Largo Carlo Felice, n\u00b0 72). Realizzata in occasione dei 150 annidall\u2019istituzione dell\u2019Ente, inaugurata venerd\u00ec scorso e inserita nel cartellonedella XIV edizione della \u201cSettimana della cultura\u201d (Mibac), l\u2019esposizione restaaperta fino a venerd\u00ec: la mattina dalle 9,30 alle 12 e il pomeriggio di marted\u00ece gioved\u00ec dalle 15,30 alle 18. Ingresso gratuito.<\/p>\n<p>Per consentire l'accesso al numeroso pubblico che sabato edomenica non \u00e8 riuscito a visitare il Palazzo, <st1:personname w:st=\"on\" ProductID=\"la Camera\">la Camera<\/st1:personname> di Commercio stavalutando l\u2019ipotesi di replicare le visite guidate al suo patrimonioartistico.<span style=\"mso-spacerun: yes;\">&nbsp; <\/span>Una volta conclusal\u2019esposizione nella sede camerale, l\u2019Ente trasferir\u00e0 la mostra bibliografica inuno stand della 64esima Fiera Internazionale della Sardegna.<\/p>\n<p>Il percorso bibliografico-documentario ricostruisce le tappefondamentali della storia economica del sud Sardegna tra Ottocento e Novecento.I visitatori possono ammirare la collezione di opere della Camera di commercioche annovera alcuni fra i maestri dell\u2019arte sarda del \u2018900<\/p>\n<p>La mostra offre i primi atti della Camera di commercio diCagliari e gli antichi manoscritti della Reale Societ\u00e0 Agraria ed Economicaistituita da Carlo Felice nel 1804. Da segnalare il verbale manoscritto delprimo consiglio dell\u2019Ente camerale datato 11 gennaio 1863. E ancora: il disegnodel prospetto del Palazzo dell\u2019Economia nella stesura definitiva del 1923 chepresenta alcune varianti rispetto al progetto del 1914, la lista compilata perl\u2019elezione dei rappresentanti dei commercianti in consiglio camerale: undocumento che oggi rappresenta la mappatura pi\u00f9 completa dell'imprenditoriaottocentesca nei 261 comuni dell'allora provincia di Cagliari.<\/p>\n","protected":false},"excerpt":{"rendered":"<p>Prosegue fino a venerd\u00ec 20 aprilel\u2019apertura al pubblico della mostra bibliografica-documentaria allestita nellesale del Palazzo dell\u2019Economia, la sede storica della Camera di commercio diCagliari (Largo&#8230;<\/p>\n","protected":false},"author":2,"featured_media":0,"comment_status":"closed","ping_status":"closed","sticky":false,"template":"","format":"standard","meta":[],"categories":[49],"tags":[],"_links":{"self":[{"href":"https:\/\/www.cronacaonline.it\/index.php\/wp-json\/wp\/v2\/posts\/88471"}],"collection":[{"href":"https:\/\/www.cronacaonline.it\/index.php\/wp-json\/wp\/v2\/posts"}],"about":[{"href":"https:\/\/www.cronacaonline.it\/index.php\/wp-json\/wp\/v2\/types\/post"}],"author":[{"embeddable":true,"href":"https:\/\/www.cronacaonline.it\/index.php\/wp-json\/wp\/v2\/users\/2"}],"replies":[{"embeddable":true,"href":"https:\/\/www.cronacaonline.it\/index.php\/wp-json\/wp\/v2\/comments?post=88471"}],"version-history":[{"count":0,"href":"https:\/\/www.cronacaonline.it\/index.php\/wp-json\/wp\/v2\/posts\/88471\/revisions"}],"wp:attachment":[{"href":"https:\/\/www.cronacaonline.it\/index.php\/wp-json\/wp\/v2\/media?parent=88471"}],"wp:term":[{"taxonomy":"category","embeddable":true,"href":"https:\/\/www.cronacaonline.it\/index.php\/wp-json\/wp\/v2\/categories?post=88471"},{"taxonomy":"post_tag","embeddable":true,"href":"https:\/\/www.cronacaonline.it\/index.php\/wp-json\/wp\/v2\/tags?post=88471"}],"curies":[{"name":"wp","href":"https:\/\/api.w.org\/{rel}","templated":true}]}}