{"id":88465,"date":"2012-04-18T15:14:01","date_gmt":"2012-04-18T14:14:01","guid":{"rendered":"http:\/\/www.cronacaonline.it\/public\/content\/index.php\/18\/04\/2012\/ueagricoltura-uggias-idv-nuova-pac-vigneti-e-oliveti-inclusi-nellarea-verde"},"modified":"2012-04-18T15:14:01","modified_gmt":"2012-04-18T14:14:01","slug":"ueagricoltura-uggias-idv-nuova-pac-vigneti-e-oliveti-inclusi-nellarea-verde","status":"publish","type":"post","link":"https:\/\/www.cronacaonline.it\/index.php\/2012\/04\/18\/ueagricoltura-uggias-idv-nuova-pac-vigneti-e-oliveti-inclusi-nellarea-verde\/","title":{"rendered":"UE\/Agricoltura: Uggias (IdV), &#8220;Nuova Pac: Vigneti e oliveti inclusi nell&#8217;area verde&#8221;"},"content":{"rendered":"<p>\"A seguito della mia richiesta il relatore delregolamento sui pagamenti diretti all'interno della nuova riforma dellapolitica comunitaria, l'Onorevole Capuolas Santos (SD), ha comunicato che glioliveti e i vigneti saranno inclusi nel&nbsp;greening, elemento essenziale peri pagamenti diretti che prevede una parte pari al 7% di area verde (protezionepermanente) che ciascun produttore agricolo dovr\u00e0 preservare all'interno delleproprie colture. I terreni destinati a oliveti e vigne per essere valididovranno per\u00f2 essere oggetto di lavori agricoli di protezione e diconservazione del suolo\". Questa l'affermazione dell'Onorevole GiommariaUggias, parlamentare europeo dell'Italia dei Valori, a margine della riunionedel gruppo di lavoro dell'ALDE sulla nuova PAC, tenutasi in mattinata aStrasburgo.<\/p>\n<p>\"Considerare piante di ulivo e viti nella quota di\"attivit\u00e0 verdi\" - spiega Uggias -&nbsp;significa tener conto delledifferenti caratteristiche di ciascun territorio per poter definirecorrettamente la composizione&nbsp;del&nbsp;7% da destinare ad area verde. E'chiaro che, in una zona come quella mediterranea, sarebbe assurdo escludereuliveti e vigneti\".<\/p>\n<p>\"La proposta per la nuova riforma agricola comunitariadispone di numerosi dispostivi interessanti, che sar\u00e0 per\u00f2 necessario adattarealle specificit\u00e0 di ciascun territorio europeo, specificit\u00e0 che - concludel'eurodeputato sardo - potranno contribuire ad arricchire le risorsedell'Europa\".<\/p>\n","protected":false},"excerpt":{"rendered":"<p>&#8220;A seguito della mia richiesta il relatore delregolamento sui pagamenti diretti all&#8217;interno della nuova riforma dellapolitica comunitaria, l&#8217;Onorevole Capuolas Santos (SD), ha comunicato che glioliveti&#8230;<\/p>\n","protected":false},"author":2,"featured_media":0,"comment_status":"closed","ping_status":"closed","sticky":false,"template":"","format":"standard","meta":[],"categories":[49],"tags":[],"_links":{"self":[{"href":"https:\/\/www.cronacaonline.it\/index.php\/wp-json\/wp\/v2\/posts\/88465"}],"collection":[{"href":"https:\/\/www.cronacaonline.it\/index.php\/wp-json\/wp\/v2\/posts"}],"about":[{"href":"https:\/\/www.cronacaonline.it\/index.php\/wp-json\/wp\/v2\/types\/post"}],"author":[{"embeddable":true,"href":"https:\/\/www.cronacaonline.it\/index.php\/wp-json\/wp\/v2\/users\/2"}],"replies":[{"embeddable":true,"href":"https:\/\/www.cronacaonline.it\/index.php\/wp-json\/wp\/v2\/comments?post=88465"}],"version-history":[{"count":0,"href":"https:\/\/www.cronacaonline.it\/index.php\/wp-json\/wp\/v2\/posts\/88465\/revisions"}],"wp:attachment":[{"href":"https:\/\/www.cronacaonline.it\/index.php\/wp-json\/wp\/v2\/media?parent=88465"}],"wp:term":[{"taxonomy":"category","embeddable":true,"href":"https:\/\/www.cronacaonline.it\/index.php\/wp-json\/wp\/v2\/categories?post=88465"},{"taxonomy":"post_tag","embeddable":true,"href":"https:\/\/www.cronacaonline.it\/index.php\/wp-json\/wp\/v2\/tags?post=88465"}],"curies":[{"name":"wp","href":"https:\/\/api.w.org\/{rel}","templated":true}]}}