{"id":88464,"date":"2012-04-24T15:14:01","date_gmt":"2012-04-24T14:14:01","guid":{"rendered":"http:\/\/www.cronacaonline.it\/public\/content\/index.php\/24\/04\/2012\/asl-olbia-incontro-tra-primari-direzione-della-asl-e-comune-pronti-a-gesti-eclatantipur-di-diventare-veramente-un-ospedale-provinciale"},"modified":"2012-04-24T15:14:01","modified_gmt":"2012-04-24T14:14:01","slug":"asl-olbia-incontro-tra-primari-direzione-della-asl-e-comune-pronti-a-gesti-eclatantipur-di-diventare-veramente-un-ospedale-provinciale","status":"publish","type":"post","link":"https:\/\/www.cronacaonline.it\/index.php\/2012\/04\/24\/asl-olbia-incontro-tra-primari-direzione-della-asl-e-comune-pronti-a-gesti-eclatantipur-di-diventare-veramente-un-ospedale-provinciale\/","title":{"rendered":"Asl Olbia, incontro tra Primari, Direzione della Asl e Comune: \u201cPronti a gesti eclatanti\u201dpur di \u201cdiventare veramente un ospedale provinciale\u201d"},"content":{"rendered":"<p><span style=\"mso-spacerun: yes;\">&nbsp;<\/span>\"Un incontro persondare le esigenze dei professionisti ed esser preparati nel momento in cuiandremo a interloquire con la Regione; faremo da cassa di risonanza a quelleche sono le esigenze del territorio\", parola di Gianni Giovannelli, primocittadino di Olbia che questa mattina ha incontrato il direttore Generale dellaAsl di Olbia, Giovanni Antonio Fadda, e i primari dell'ospedale Giovanni PaoloII di Olbia.<\/p>\n<p>\"La Direzione Aziendale della Asl di Olbia si \u00e8 assunta inquesti anni delle grosse responsabilit\u00e0 per cercare di sollevare gli standard diservizi offerti in questo territorio; nonostante questo la citt\u00e0 \u00e8 diventatagrande, ma non dal punto di vista sanitario. Eravamo e siamo una infermeria\",ha detto questa mattina il Dg Fadda alla platea di primari riunitasi nella salariunioni dell'ospedale olbiese, su richiesta dell'assessore ai Servizi socialidel comune di Olbia, Rino Piccinnu. \"In questi anni per\u00f2 ci siamo trovati dasoli a lottare per migliorare la sanit\u00e0 gallurese e non siamo riusciti acrescere quanto avremo voluto\", ha detto il manager della Asl di Olbia con alfianco il direttore sanitario Maria Serena Fenu.<\/p>\n<p>\"Questo incontro \u2013 ha detto il primo cittadino olbiese, GianniGiovannelli \u2013 \u00e8 stato fortemente voluto dall'assessorato alla Sanit\u00e0 perch\u00e9 inqueste settimane si stanno riprendendo i rapporti per discutere di San Raffaelein Sardegna; abbiamo incontrato in diverse occasioni sia l'assessore Simona deFrancisci che il gruppo che sta seguendo le sorti del San Raffaele. Se da unaparte seguiamo con entusiasmo questa strada, allo stesso tempo non vogliamo chela sanit\u00e0 pubblica resti indietro, per questo motivo volevamo sondare dipersona tra i medici quelle che sono le esigenze degli operatori sanitari\"<\/p>\n<p>\"Siamo anche pronti a gesti eclatanti, come incatenarci neipalazzi della Regione a salvaguardia del diritto dei cittadini galluresi diusufruire di servizi sanitari al pari del resto dei sardi\", ha detto ilpresidentente della commissione Sanit\u00e0 comunale, Stefano Giua.<\/p>\n<p>Numerose le richieste avanzate dai primari della strutturaolbiese che, seppur sostenendo l'attivit\u00e0 in questi anni svolta dalla DirezioneAziendale della Asl di Olbia, hanno oggi richiesto personale per affrontarel'Emergenza estiva, ormai alle porte, e avanzato la necessit\u00e0 di attivare maggiorispecialit\u00e0, servizi che andrebbero cos\u00ec anche ad alleggerire l'attivit\u00e0 dialcuni reparti di degenza, come Medicina e Chirurgia.<\/p>\n<p>\"Il problema \u2013 ha detto il primario del reparto diOrtopedia, Peppino Mela \u2013 \u00e8 che i galluresi, e soprattutto i politici di questoterritorio, devono lottare insieme a noi per trasformare l'ospedale in unostruttura ospedaliera vera, consentendoci di non esser pi\u00f9 un \"ospedale zonale\"e diventare un \"ospedale provinciale\" degno di questo nome. Questa non \u00e8 pi\u00f9una questione amministrativa che pu\u00f2 affrontare la direzione della Asl ma deveesser un impegno dei politici del territorio che devono lottare per far diventarel'ospedale di Olbia una struttura in grado di dare assistenza al \"genere umano\".Da subito dobbiamo pretendere come struttura pubblica 4 posti letto per milleabitanti, perch\u00e9 posti letto significano risorse e specialit\u00e0\".<\/p>\n<p>Attualmente la Asl di Olbia ha 355 posti letto, suddivisitra gli ospedali di Olbia (164), Tempio Pausania (130) e la Maddalena (30) perun totale di 324 posti letto ordinari, ai quali vanno ad aggiungersi altri 31di Day Hospital, cio\u00e8 2,24 posti letto ogni mille abitanti, contro i 4 deglistandard nazionali. Com<\/p>\n","protected":false},"excerpt":{"rendered":"<p>&nbsp;&#8220;Un incontro persondare le esigenze dei professionisti ed esser preparati nel momento in cuiandremo a interloquire con la Regione; faremo da cassa di risonanza a&#8230;<\/p>\n","protected":false},"author":2,"featured_media":0,"comment_status":"closed","ping_status":"closed","sticky":false,"template":"","format":"standard","meta":[],"categories":[49],"tags":[],"_links":{"self":[{"href":"https:\/\/www.cronacaonline.it\/index.php\/wp-json\/wp\/v2\/posts\/88464"}],"collection":[{"href":"https:\/\/www.cronacaonline.it\/index.php\/wp-json\/wp\/v2\/posts"}],"about":[{"href":"https:\/\/www.cronacaonline.it\/index.php\/wp-json\/wp\/v2\/types\/post"}],"author":[{"embeddable":true,"href":"https:\/\/www.cronacaonline.it\/index.php\/wp-json\/wp\/v2\/users\/2"}],"replies":[{"embeddable":true,"href":"https:\/\/www.cronacaonline.it\/index.php\/wp-json\/wp\/v2\/comments?post=88464"}],"version-history":[{"count":0,"href":"https:\/\/www.cronacaonline.it\/index.php\/wp-json\/wp\/v2\/posts\/88464\/revisions"}],"wp:attachment":[{"href":"https:\/\/www.cronacaonline.it\/index.php\/wp-json\/wp\/v2\/media?parent=88464"}],"wp:term":[{"taxonomy":"category","embeddable":true,"href":"https:\/\/www.cronacaonline.it\/index.php\/wp-json\/wp\/v2\/categories?post=88464"},{"taxonomy":"post_tag","embeddable":true,"href":"https:\/\/www.cronacaonline.it\/index.php\/wp-json\/wp\/v2\/tags?post=88464"}],"curies":[{"name":"wp","href":"https:\/\/api.w.org\/{rel}","templated":true}]}}