{"id":88461,"date":"2012-04-27T15:14:01","date_gmt":"2012-04-27T14:14:01","guid":{"rendered":"http:\/\/www.cronacaonline.it\/public\/content\/index.php\/27\/04\/2012\/sa-die-de-sa-sardigna-cerimonia-inaugurale-delle-manifestazioni-celebrative"},"modified":"2012-04-27T15:14:01","modified_gmt":"2012-04-27T14:14:01","slug":"sa-die-de-sa-sardigna-cerimonia-inaugurale-delle-manifestazioni-celebrative","status":"publish","type":"post","link":"https:\/\/www.cronacaonline.it\/index.php\/2012\/04\/27\/sa-die-de-sa-sardigna-cerimonia-inaugurale-delle-manifestazioni-celebrative\/","title":{"rendered":"Sa Die De Sa Sardigna: cerimonia inaugurale delle manifestazioni celebrative"},"content":{"rendered":"<p><span style='font-family: \"Times New Roman\",\"serif\";'>\u201cUnagiornata per ricordare la nostra storia e la nostra identit\u00e0 e per recuperarela l\u2019autonomia culturale ed economica\u201d. Lo ha detto l\u2019assessore regionale dellaPubblica Istruzione, Beni Culturali, Sergio Milia, nel corso della cerimoniacelebrativa de \u201cSa Die de sa Sardigna\u201d.<\/span><\/p>\n<p><span style='font-family: \"Times New Roman\",\"serif\";'>Unasettantina gli incontri e le manifestazioni che si svolgeranno in questi giorniin tutta la Sardegna per ricordare la cacciata dei Piemontesi, incollaborazione con scuole, associazioni culturali e degli emigrati sardi. Ilclou dell'evento&nbsp;domani nsera nella piana di Chilivani (Ozieri) ed inpiazza del Carmine a Cagliari con l'esibizione di gruppi folkloristici edetno-rock. \"Si tratta di una festa di unit\u00e0 - ha spiegato Milia - perch\u00e9solo cos\u00ec si riesce a contrapporsi contro chi ci vuole divisi\".<\/span><\/p>\n<p><span style='font-family: \"Times New Roman\",\"serif\";'>Domani ,sabato 28 aprile, in mattinata alle ore 10.30, a Cagliari \u00e8 in programma unamanifestazione &nbsp;sul multilinguismo familiare&nbsp; (appuntamento allaBiblioteca Regionale, viale Trieste 137).<\/span><\/p>\n<p><span style='font-family: \"Times New Roman\",\"serif\";'>Incollegamento via skype, Antonella Sorace, professore di LinguisticaAcquisizionale dell\u2019universit\u00e0 di Edimburgo e una serie di testimonianze sulbilinguismo in famiglia. Hanno dato la loro adesione fino a questo momentoLuisa Marci Corona, Luisa Massidda, Manuela Mereu, Nicola Cantalupo, MariaAntonietta Piga, Antonello Garau, Marco Murgia, Paolo Zedda, Joyce Mattu ealtri. A disposizione anche giochi e passatempi per i bambini. &nbsp;A seguire,sempre a Cagliari alle ore 21, in Piazza del Carmine, festa popolare conconcerto, in cui si esibiranno gruppi musicali e\/o solisti che rappresentino ilmondo musicale della Sardegna nelle sue differenti espressioni artistiche. Acura della Societ\u00e0 Free Sound sas di Selargius. Si esibiranno: S\u00f2lkinos, CoroSant\u2019Efisio, Janas, Andrea Pisu e Giancarlo Seu, Isola Song, Ambra Pintore,Antonio Scalas con organetto diatonico per balli sardi destinati al pubblico.<\/span><\/p>\n<p><span style='font-family: \"Times New Roman\",\"serif\";'>ASassari, sempre&nbsp;domani, sabato 28 al Teatro Verdi, alle ore 10, percorsonarrativo-musicale \u201cLimba sarda in Musica\u201d con Anna Tifu, Roberto Piana, incollaborazione con i Conservatori di Musica di Sassari e di Cagliari, le scuoleciviche di musica e il coinvolgimento degli Istituti scolastici del territorio.A cura dell\u2019Associazione \u201cPremio Ozieri di Letteratura Sarda\u201d. A Ozieri, alleore 17, (Ippodromo di Ozieri-Chilivani), &nbsp;concerto di cori polifonici(canto a tenore, canto a cuncordu e\/o cori a 4 voci), poetas a bolu, cantadoresa chitarra, gruppi di ballo, solisti e gruppi musicali. Si esibiranno: Coro Sosde Santu Matteu, Coro Donu Reale, Coro Carrales, Coro di Florinas, Coro Gusana,Coro Femminile Eufon\u00eca, Coro Antoninu Paba, Coro di Iglesias, Coro diIttireddu, Coro Lachesos, Coro di Nulvi, Coro Su Nugoresu, Coro Monte Gonare,Coro Boghes Noas, Coro di Ozieri, Coro Santu Nigola, Coro di Pozzomaggiore,Coro de Piaghe, Coro Amici del Canto Sardo, Coro di Uri, Coro del Logudoro,Coro dell\u2019Universit\u00e0, Coro Santu Sabustianu, Tenore Mialinu Pira, Coro diNeoneli, Coro Gabriel, Su Consonu Tiesinu, Gruppo folk San Pietro, Gruppo folkIttiri Cannedu, Gruppo folk A Manu Tenta, Gruppo folk Sant\u2019Isidoro, Orchestrapopolare sarda di O. Mascia, N. Manca, E. Bazzoni, G. Denanni, Gruppo Lu Monti,Menhir, Istentales, Gianmario Virdis, Maria Giovanna Cherchi.&nbsp;Com<\/span><\/p>\n","protected":false},"excerpt":{"rendered":"<p>\u201cUnagiornata per ricordare la nostra storia e la nostra identit\u00e0 e per recuperarela l\u2019autonomia culturale ed economica\u201d. Lo ha detto l\u2019assessore regionale dellaPubblica Istruzione, Beni&#8230;<\/p>\n","protected":false},"author":2,"featured_media":0,"comment_status":"closed","ping_status":"closed","sticky":false,"template":"","format":"standard","meta":[],"categories":[49],"tags":[],"_links":{"self":[{"href":"https:\/\/www.cronacaonline.it\/index.php\/wp-json\/wp\/v2\/posts\/88461"}],"collection":[{"href":"https:\/\/www.cronacaonline.it\/index.php\/wp-json\/wp\/v2\/posts"}],"about":[{"href":"https:\/\/www.cronacaonline.it\/index.php\/wp-json\/wp\/v2\/types\/post"}],"author":[{"embeddable":true,"href":"https:\/\/www.cronacaonline.it\/index.php\/wp-json\/wp\/v2\/users\/2"}],"replies":[{"embeddable":true,"href":"https:\/\/www.cronacaonline.it\/index.php\/wp-json\/wp\/v2\/comments?post=88461"}],"version-history":[{"count":0,"href":"https:\/\/www.cronacaonline.it\/index.php\/wp-json\/wp\/v2\/posts\/88461\/revisions"}],"wp:attachment":[{"href":"https:\/\/www.cronacaonline.it\/index.php\/wp-json\/wp\/v2\/media?parent=88461"}],"wp:term":[{"taxonomy":"category","embeddable":true,"href":"https:\/\/www.cronacaonline.it\/index.php\/wp-json\/wp\/v2\/categories?post=88461"},{"taxonomy":"post_tag","embeddable":true,"href":"https:\/\/www.cronacaonline.it\/index.php\/wp-json\/wp\/v2\/tags?post=88461"}],"curies":[{"name":"wp","href":"https:\/\/api.w.org\/{rel}","templated":true}]}}