{"id":88449,"date":"2012-04-16T15:14:01","date_gmt":"2012-04-16T14:14:01","guid":{"rendered":"http:\/\/www.cronacaonline.it\/public\/content\/index.php\/16\/04\/2012\/consiglio-regionale-da-domani-al-lavoro-le-commissioni-consiliari-giovedi-si-riunisce-lassemblea"},"modified":"2012-04-16T15:14:01","modified_gmt":"2012-04-16T14:14:01","slug":"consiglio-regionale-da-domani-al-lavoro-le-commissioni-consiliari-giovedi-si-riunisce-lassemblea","status":"publish","type":"post","link":"https:\/\/www.cronacaonline.it\/index.php\/2012\/04\/16\/consiglio-regionale-da-domani-al-lavoro-le-commissioni-consiliari-giovedi-si-riunisce-lassemblea\/","title":{"rendered":"Consiglio regionale: da domani al lavoro le commissioni consiliari, gioved\u00ec si riunisce l\u2019Assemblea."},"content":{"rendered":"<p>Da&nbsp;domani, marted\u00ec 17 aprile, riprende il lavoro dellecommissioni consiliari.<\/p>\n<p>La Prima <span style='mso-bidi-font-family: \"Times New Roman\";'>&#8220;<\/span>Autonomia<span style='mso-bidi-font-family: \"Times New Roman\";'>&#8221;<\/span>, presieduta da PaoloManinchedda, estesa ai presidenti dei gruppi consiliari, \u00e8 stata convocata per leore 10. All<span style='mso-bidi-font-family: \"Times New Roman\";'>\u2019<\/span>esamedell<span style='mso-bidi-font-family: \"Times New Roman\";'>&#8217;<\/span>organismo l<span style='mso-bidi-font-family: \"Times New Roman\";'>\u2019Odg<\/span> n. 41 (Leggestatutaria elettorale e sulla forma di governo). I lavori proseguiranno anchenel pomeriggio.<\/p>\n<p>La Seconda Politiche comunitarie, presieduta da SalvatoreAmadu,&nbsp;si riunisce alle 16,30. All<span style='mso-bidi-font-family: \"Times New Roman\";'>\u2019<\/span>ordinedel giorno il DL 307 <span style='mso-bidi-font-family: \"Times New Roman\";'>&#8220;<\/span>Leggeeuropea 2010<span style='mso-bidi-font-family: \"Times New Roman\";'>&#8221;<\/span> e laConsultazione pubblica della commissione europea sulle norme in materia diaiuti di Stato a finalit\u00e0 regionale 2014 <span style='mso-bidi-font-family: \"Times New Roman\";'>- <\/span>2020.&nbsp;&nbsp;<\/p>\n<p>La Terza Bilancio, presieduta da Pietro Fois, \u00e8 stataconvocata alle 17 per l<span style='mso-bidi-font-family: \"Times New Roman\";'>\u2019<\/span>esamedella Tabella E allegata alla legge finanziaria 2012 (Pagamenti prioritari aifini del patto di stabilit\u00e0), del PL 373 (Modifiche alla legge regionale 15marzo 2012 n. 6 , legge finanziaria 2012), del PL 374 (Modifica all<span style='mso-bidi-font-family: \"Times New Roman\";'>\u2019<\/span>articolo 1, comma 16, ealla tabella E della legge regionale 15 marzo 2012, legge finanziaria 2012).<\/p>\n<p>Nella giornata di mercoled\u00ec si riuniscono la Quinta, laSesta, la Settima, l<span style='mso-bidi-font-family: \"Times New Roman\";'>\u2019<\/span>Ottavae la commissione d<span style='mso-bidi-font-family: \"Times New Roman\";'>\u2019<\/span>inchiestasulla mancata applicazione delle leggi regionali.<\/p>\n<p>La commissione Agricoltura, presieduta da Paolo Terzo Sanna,alle 10,30 sentir\u00e0 in audizione l<span style='mso-bidi-font-family: \"Times New Roman\";'>\u2019<\/span>assessoreregionale all<span style='mso-bidi-font-family: \"Times New Roman\";'>\u2019<\/span>Agricolturasulla situazione delle societ\u00e0 bonifiche sarde, sul testo unificato in materiadi pesca, sullo stato di attuazione del PSR 2007-2013, sullo Stato di attuazionedella legge regionale 1\/2010&nbsp;Norme per la promozione della qualit\u00e0 deiprodotti della Sardegna, della concorrenza e della tutela ambientale emodifiche alla legge regionale 23 giugno 1998, n. 18, nuove norme per l<span style='mso-bidi-font-family: \"Times New Roman\";'>\u2019<\/span>esercizio dell<span style='mso-bidi-font-family: \"Times New Roman\";'>\u2019<\/span>agriturismo e delturismo rurale, sulla chimica verde, sulla situazione del riordino fondiario,sulla mancata movimentazione dei suini. I lavori proseguiranno anche nelpomeriggio dalle 16,30.<\/p>\n<p>La commissione Industria, presieduta da Alberto Randazzo,&nbsp;&nbsp;siriunisce mercoled\u00ec alle 11. I commissari sentiranno in audizione unadelegazione dell<span style='mso-bidi-font-family: \"Times New Roman\";'>\u2019<\/span>Upssull<span style='mso-bidi-font-family: \"Times New Roman\";'>\u2019<\/span>Ordinamentodelle aziende locali di sviluppo industriale <span style='mso-bidi-font-family: \"Times New Roman\";'>&#8211;<\/span> Alsi; sul DL 268 modifiche alla legge regionale 25luglio 2008, n. 10 (riordino delle funzioni in materia di aree industriali;sulla Proposta di legge 141 sempre in materia di riordino delle funzioni dellearee industriali. I lavori proseguiranno nel pomeriggio alle ore&nbsp;&nbsp;16,30.<\/p>\n<p>La commissione Sanit\u00e0, presieduta da Felice Contu,&nbsp;&nbsp;alleore 10 di mercoled\u00ec sentir\u00e0 in audizione il direttore generale alle politichesociali e i direttori dei servizi AA.GG. sull<span style='mso-bidi-font-family: \"Times New Roman\";'>\u2019<\/span>attuazione delle politiche sociali e integrazionesociale e sul testo unificato sulle norme a favore della famiglia. Alle 16,30sar\u00e0 sentito in audizione l<span style='mso-bidi-font-family: \"Times New Roman\";'>\u2019<\/span>assessorealla sanit\u00e0 sulle voci di spesa di cui alla tabella E, spesa farmaceutica e suiproblemi della sanit\u00e0 sassarese.<\/p>\n<p>La commissione Cultura, presieduta da Carlo Sanjust, \u00e8convocata per mercoled\u00ec alle ore 10,30. All<span style='mso-bidi-font-family: \"Times New Roman\";'>\u2019<\/span>ordine del giorno l<span style='mso-bidi-font-family: \"Times New Roman\";'>\u2019<\/span>esame del PL 296 (Fondi di garanzia per leAssociazioni sportive dilettantistiche) e il testo unificato sulle attivit\u00e0motorie.&nbsp;&nbsp;&nbsp;<\/p>\n<p>La commissione d<span style='mso-bidi-font-family: \"Times New Roman\";'>\u2019<\/span>inchiestasulla mancata applicazione delle leggi regionali, presieduta da Luciano Uras,si riunisce alle 15. Sar\u00e0 sentito, in audizione, l<span style='mso-bidi-font-family: \"Times New Roman\";'>\u2019<\/span>assessore regionale al lavoro sull<span style='mso-bidi-font-family: \"Times New Roman\";'>\u2019<\/span>applicazione dell<span style='mso-bidi-font-family: \"Times New Roman\";'>\u2019<\/span>articolo 6,&nbsp;&nbsp;comma8 della legge regionale 16\/2011 (Norme in materia di organizzazione epersonale) e l<span style='mso-bidi-font-family: \"Times New Roman\";'>\u2019<\/span>assessoredei lavori pubblici sull<span style='mso-bidi-font-family: \"Times New Roman\";'>\u2019<\/span>applicazionedell<span style='mso-bidi-font-family: \"Times New Roman\";'>\u2019<\/span>articolo 4 delcomma 48 della Legge regionale n. 6 del&nbsp;2012&nbsp;<span style='mso-bidi-font-family: \"Times New Roman\";'>&#8220;<\/span>Disposizioni per la formazione del bilancio annualee pluriennale della Regione (legge finanziaria 2012.<\/p>\n<p>Per la giornata di gioved\u00ec \u00e8 stato convocato il Consiglioregionale alle ore 10.&nbsp;Com<\/p>\n","protected":false},"excerpt":{"rendered":"<p>Da&nbsp;domani, marted\u00ec 17 aprile, riprende il lavoro dellecommissioni consiliari. La Prima &#8220;Autonomia&#8221;, presieduta da PaoloManinchedda, estesa ai presidenti dei gruppi consiliari, \u00e8 stata convocata per&#8230;<\/p>\n","protected":false},"author":2,"featured_media":0,"comment_status":"closed","ping_status":"closed","sticky":false,"template":"","format":"standard","meta":[],"categories":[49],"tags":[],"_links":{"self":[{"href":"https:\/\/www.cronacaonline.it\/index.php\/wp-json\/wp\/v2\/posts\/88449"}],"collection":[{"href":"https:\/\/www.cronacaonline.it\/index.php\/wp-json\/wp\/v2\/posts"}],"about":[{"href":"https:\/\/www.cronacaonline.it\/index.php\/wp-json\/wp\/v2\/types\/post"}],"author":[{"embeddable":true,"href":"https:\/\/www.cronacaonline.it\/index.php\/wp-json\/wp\/v2\/users\/2"}],"replies":[{"embeddable":true,"href":"https:\/\/www.cronacaonline.it\/index.php\/wp-json\/wp\/v2\/comments?post=88449"}],"version-history":[{"count":0,"href":"https:\/\/www.cronacaonline.it\/index.php\/wp-json\/wp\/v2\/posts\/88449\/revisions"}],"wp:attachment":[{"href":"https:\/\/www.cronacaonline.it\/index.php\/wp-json\/wp\/v2\/media?parent=88449"}],"wp:term":[{"taxonomy":"category","embeddable":true,"href":"https:\/\/www.cronacaonline.it\/index.php\/wp-json\/wp\/v2\/categories?post=88449"},{"taxonomy":"post_tag","embeddable":true,"href":"https:\/\/www.cronacaonline.it\/index.php\/wp-json\/wp\/v2\/tags?post=88449"}],"curies":[{"name":"wp","href":"https:\/\/api.w.org\/{rel}","templated":true}]}}