{"id":88441,"date":"2012-04-15T15:14:01","date_gmt":"2012-04-15T14:14:01","guid":{"rendered":"http:\/\/www.cronacaonline.it\/public\/content\/index.php\/15\/04\/2012\/passera-e-il-momento-piu-difficile-ma-dopo-la-crescita-giu-le-tasse"},"modified":"2012-04-15T15:14:01","modified_gmt":"2012-04-15T14:14:01","slug":"passera-e-il-momento-piu-difficile-ma-dopo-la-crescita-giu-le-tasse","status":"publish","type":"post","link":"https:\/\/www.cronacaonline.it\/index.php\/2012\/04\/15\/passera-e-il-momento-piu-difficile-ma-dopo-la-crescita-giu-le-tasse\/","title":{"rendered":"Passera, \u00e8 il momento pi\u00f9 difficile. Ma dopo la crescita gi\u00f9 le tasse."},"content":{"rendered":"<p>\"Ci stiamo avvicinando al momento pi\u00f9 difficile dellacrisi\" perch\u00e9 \"oggi si sommano gli effetti della recessione, quellipsicologici e finanziari nelle tasche dei cittadini dal riassetto dei contipubblici e quelli di una gestione del tutto inadeguata a livello europeo\"ma \"il Paese ha le forze per uscirne\".&nbsp;<\/p>\n<p>Lo dice in una intervista al Messaggero il ministro delloSviluppo economico, Corrado Passera, tracciando la linea del governo per lacrescita, dalle infrastrutture all'accesso al finanziamento per le imprese,fino al calo delle tasse con i fondi della lotta all'evasione fiscale. E nel2013, assicura, torner\u00e0 la politica che \"non \u00e8 sostituibile da nessunaforma di tecnocrazia\".&nbsp;<\/p>\n<p>In vista del vertice di marted\u00ec con i leader dellamaggioranza, Passera \u00e8 convinto che \"l'azione riformatrice del governopossa e debba andare avanti\". La rotta, dice, \"non va modificataanche se il mare e' molto grosso\". E se \"insieme al Parlamento e alleparti sociali abbiamo varato riforme impensabili fino a qualche mese fa\"ora \"il lavoro continuer\u00e0 a favore della crescita\". Anche perch\u00e9\"possiamo uscire dalla recessione prima di quanto pensino ipessimisti\" accelerando sulle riforme e \"valorizzando le indubbieforze del sistema Italia\".&nbsp;<\/p>\n<p>E \"oltre agli interventi strutturali (liberalizzazioni,semplificazioni, lavoro) che portano crescita sostenibile nel medio periodovogliamo far affluire risorse nell'economia anche nel breve termine\",\"accelerando infrastrutture grandi e piccole, dalle autostrade ai portialle reti tlc di nuova generazione, dal piano casa al piano scuola\".&nbsp;<\/p>\n<p>L'altra \"macro-operazione riguarda il credito e lo scaduto\" dove, tral'altro, \"adotteremo in anticipo sulla scadenze europee la direttiva checostringer\u00e0 tutti a pagare entro 30-60 giorni, pubblico compreso, e abbiamomesso a disposizione 6 miliardi per cominciare a pagare i debiti delleamministrazioni centrali\".&nbsp;<\/p>\n<p>Sul capitolo tasse Passera assicura che \"appena possibile, anche facendolepagare a tutti, l'obiettivo sar\u00e0 di ridurle\" anche se \"l'uso deltesoretto della lotta all'evasione fiscale, quando ci sar\u00e0, verr\u00e0 deciso dalpresidente Monti. Ma \u00e8 ovvio che uno dei modi pi\u00f9 intelligenti di usarlo e'quello di ridurre le tasse a chi ne paga gi\u00e0 tante e ai redditi pi\u00f9bassi\".<\/p>\n","protected":false},"excerpt":{"rendered":"<p>&#8220;Ci stiamo avvicinando al momento pi\u00f9 difficile dellacrisi&#8221; perch\u00e9 &#8220;oggi si sommano gli effetti della recessione, quellipsicologici e finanziari nelle tasche dei cittadini dal riassetto&#8230;<\/p>\n","protected":false},"author":2,"featured_media":0,"comment_status":"closed","ping_status":"closed","sticky":false,"template":"","format":"standard","meta":[],"categories":[49],"tags":[],"_links":{"self":[{"href":"https:\/\/www.cronacaonline.it\/index.php\/wp-json\/wp\/v2\/posts\/88441"}],"collection":[{"href":"https:\/\/www.cronacaonline.it\/index.php\/wp-json\/wp\/v2\/posts"}],"about":[{"href":"https:\/\/www.cronacaonline.it\/index.php\/wp-json\/wp\/v2\/types\/post"}],"author":[{"embeddable":true,"href":"https:\/\/www.cronacaonline.it\/index.php\/wp-json\/wp\/v2\/users\/2"}],"replies":[{"embeddable":true,"href":"https:\/\/www.cronacaonline.it\/index.php\/wp-json\/wp\/v2\/comments?post=88441"}],"version-history":[{"count":0,"href":"https:\/\/www.cronacaonline.it\/index.php\/wp-json\/wp\/v2\/posts\/88441\/revisions"}],"wp:attachment":[{"href":"https:\/\/www.cronacaonline.it\/index.php\/wp-json\/wp\/v2\/media?parent=88441"}],"wp:term":[{"taxonomy":"category","embeddable":true,"href":"https:\/\/www.cronacaonline.it\/index.php\/wp-json\/wp\/v2\/categories?post=88441"},{"taxonomy":"post_tag","embeddable":true,"href":"https:\/\/www.cronacaonline.it\/index.php\/wp-json\/wp\/v2\/tags?post=88441"}],"curies":[{"name":"wp","href":"https:\/\/api.w.org\/{rel}","templated":true}]}}