{"id":88391,"date":"2012-04-18T15:14:01","date_gmt":"2012-04-18T14:14:01","guid":{"rendered":"http:\/\/www.cronacaonline.it\/public\/content\/index.php\/18\/04\/2012\/pd-presenta-bilancio-iniziativa-pubblica-oristano-volta-pagina-cambiamo-la-citta-anche-con-3-tue-idee"},"modified":"2012-04-18T15:14:01","modified_gmt":"2012-04-18T14:14:01","slug":"pd-presenta-bilancio-iniziativa-pubblica-oristano-volta-pagina-cambiamo-la-citta-anche-con-3-tue-idee","status":"publish","type":"post","link":"https:\/\/www.cronacaonline.it\/index.php\/2012\/04\/18\/pd-presenta-bilancio-iniziativa-pubblica-oristano-volta-pagina-cambiamo-la-citta-anche-con-3-tue-idee\/","title":{"rendered":"Pd presenta bilancio iniziativa pubblica Oristano volta pagina: \u201cCambiamo la citt\u00e0. Anche con 3 tue idee\u201d."},"content":{"rendered":"<p>Sonocomplessivamente 1930 i cittadini oristanesi che hanno risposto, via posta o email, <span style=\"mso-spacerun: yes;\">&nbsp;<\/span>al questionario proposto dal Circolodel Partito Democratico di Oristano, nell\u2019ambito delle iniziativeprogrammatiche per le prossime amministrative. <\/p>\n<p>Nelquestionario, inviato a tutte le famiglie del Capoluogo,<span style=\"mso-spacerun: yes;\">&nbsp; <\/span>\u00e8 stato chiesto di formulare almeno tre proposteincentrate su alcune delle principali problematiche di stretta attualit\u00e0, trale quali la mobilit\u00e0 e il decoro urbano,<span style=\"mso-spacerun: yes;\">&nbsp;<\/span>la struttura comunale, il volontariato, i progetti per i giovani e losviluppo.<\/p>\n<p>Il 41 percento dei cittadini ha chiesto una maggiore pulizia della citt\u00e0, con unaattenzione particolare al decoro urbano.<\/p>\n<p>Il 29 percento ha sollecitato una migliore illuminazione, la creazione di ulteriore<span style=\"mso-spacerun: yes;\">&nbsp; <\/span>verde pubblico, un miglioramento dell\u2019arredourbano, una attenzione particolare alle manutenzioni in genere,<span style=\"mso-spacerun: yes;\">&nbsp; <\/span>il potenziamento della vigilanza perprevenire gli atti di vandalismo.<\/p>\n<p>Il 27 percento ha chiesto una maggiore trasparenza, ascolto e concretezza dell\u2019apparatocomunale,<span style=\"mso-spacerun: yes;\">&nbsp;&nbsp; <\/span>di indirizzare<span style=\"mso-spacerun: yes;\">&nbsp; <\/span>le scelte verso la meritocrazia e ha<span style=\"mso-spacerun: yes;\">&nbsp; <\/span>chiesto<span style=\"mso-spacerun: yes;\">&nbsp;<\/span>un adeguato coinvolgimento dei cittadini.<\/p>\n<p>Il 19 percento ha chiesto una maggiore presenza della polizia locale, adeguati controllie un maggiore senso civico; ha sollecitato la lotta all\u2019evasione. Infine, unaumento delle sanzioni per punire i comportamenti non corretti.<span style=\"mso-spacerun: yes;\">&nbsp;&nbsp; <\/span><\/p>\n<p>Il 17 percento ha chiesto di risolvere i problemi del traffico e dei parcheggi, dimigliorare la mobilit\u00e0 in generale e il trasporto pubblico.<\/p>\n<p>Il 12 percento ha chiesto pi\u00f9 attenzione per la periferia.<\/p>\n<p>Il 10 percento ha chiesto maggiore attenzione per i problemi del mondo giovanile.<\/p>\n<p>Il 4 percento ha chiesto una citt\u00e0 pi\u00f9 vivibile per i minori.<\/p>\n<p>Il 3 percento ha sollecitato maggiori interventi per promuovere il turismo. <\/p>\n<p>Il 2 percento ha sollecitato la promozione di iniziative a sostegno dell\u2019arte e dellacultura.<\/p>\n<p>Le richiestesono pervenute dai vari quartieri e frazioni della citt\u00e0.<\/p>\n<p>Attraversoil sito internet del Pd, www.pdoristano.it e la mail circolopd.oristano@gmail.comgli elettori hanno inoltre chiesto la modifica di diverso sensi unici, pi\u00f9spazi per i bambini e le famiglie, migliori collegamenti del trasporto pubblicourbano ed ancora, la presenza di un bancomat, di una farmacia, di una macelleriae di adeguati parcheggi<span style=\"mso-spacerun: yes;\">&nbsp; <\/span>a Torregrande.<\/p>\n<p>Unadeguamento generazionale della classe politica, il completamento delleincompiute e maggiore attenzione<span style=\"mso-spacerun: yes;\">&nbsp;<\/span>verso<span style=\"mso-spacerun: yes;\">&nbsp; <\/span>il mondo giovanile. <\/p>\n<p>E' stato ilsegretario del circolo di Oristano, Efisio Sanna, ad illustrare i risultatidell'iniziativa confermando che le proposte pi\u00f9 significative saranno inseritenel programma attualmente in fase di predispozione del centro sinistra. <\/p>\n<p>GianniSanna, segretario provinciale, ha sottolineato che il Partito auspica un cambiamentoradicale del modo di gestire il Comune, una vera e propria discontinuit\u00e0 con ilpassato.<\/p>\n<p>GuidoTendas, candidato del centro sinistra, ha ricordato come i governi che si sonosucceduti in questi anni, non hanno saputo dare risposte ai cittadini, si sonointeressati di questioni personali e poi sono naufragati favorendo l'arrivo delcommissario. Com<\/p>\n","protected":false},"excerpt":{"rendered":"<p>Sonocomplessivamente 1930 i cittadini oristanesi che hanno risposto, via posta o email, &nbsp;al questionario proposto dal Circolodel Partito Democratico di Oristano, nell\u2019ambito delle iniziativeprogrammatiche per&#8230;<\/p>\n","protected":false},"author":2,"featured_media":0,"comment_status":"closed","ping_status":"closed","sticky":false,"template":"","format":"standard","meta":[],"categories":[49],"tags":[],"_links":{"self":[{"href":"https:\/\/www.cronacaonline.it\/index.php\/wp-json\/wp\/v2\/posts\/88391"}],"collection":[{"href":"https:\/\/www.cronacaonline.it\/index.php\/wp-json\/wp\/v2\/posts"}],"about":[{"href":"https:\/\/www.cronacaonline.it\/index.php\/wp-json\/wp\/v2\/types\/post"}],"author":[{"embeddable":true,"href":"https:\/\/www.cronacaonline.it\/index.php\/wp-json\/wp\/v2\/users\/2"}],"replies":[{"embeddable":true,"href":"https:\/\/www.cronacaonline.it\/index.php\/wp-json\/wp\/v2\/comments?post=88391"}],"version-history":[{"count":0,"href":"https:\/\/www.cronacaonline.it\/index.php\/wp-json\/wp\/v2\/posts\/88391\/revisions"}],"wp:attachment":[{"href":"https:\/\/www.cronacaonline.it\/index.php\/wp-json\/wp\/v2\/media?parent=88391"}],"wp:term":[{"taxonomy":"category","embeddable":true,"href":"https:\/\/www.cronacaonline.it\/index.php\/wp-json\/wp\/v2\/categories?post=88391"},{"taxonomy":"post_tag","embeddable":true,"href":"https:\/\/www.cronacaonline.it\/index.php\/wp-json\/wp\/v2\/tags?post=88391"}],"curies":[{"name":"wp","href":"https:\/\/api.w.org\/{rel}","templated":true}]}}