{"id":88386,"date":"2012-04-26T15:14:01","date_gmt":"2012-04-26T14:14:01","guid":{"rendered":"http:\/\/www.cronacaonline.it\/public\/content\/index.php\/26\/04\/2012\/leuropa-e-le-iniziative-per-la-crescita-mettono-la-merkel-in-difficolta-monti-cerca-nuove-rotte-per-lue"},"modified":"2012-04-26T15:14:01","modified_gmt":"2012-04-26T14:14:01","slug":"leuropa-e-le-iniziative-per-la-crescita-mettono-la-merkel-in-difficolta-monti-cerca-nuove-rotte-per-lue","status":"publish","type":"post","link":"https:\/\/www.cronacaonline.it\/index.php\/2012\/04\/26\/leuropa-e-le-iniziative-per-la-crescita-mettono-la-merkel-in-difficolta-monti-cerca-nuove-rotte-per-lue\/","title":{"rendered":"L&#8217;Europa e le iniziative per la crescita mettono la Merkel in difficolt\u00e0, Monti cerca nuove rotte per l&#8217;Ue"},"content":{"rendered":"<p><span style='font-family: \"Verdana\",\"sans-serif\";'>Ilpresidente del Consiglio \u00e8&nbsp;a Bruxelles per una&nbsp;tavola rotonda suglistrumenti per la crescita economica organizzata dall'European BusinessSummit. E' l'occasione per un nuovo incontro con il presidente del ConsiglioUe,&nbsp;Herman Van Rompuy, dopo i contatti Berlino-Roma della scorsasettimana.<\/span><\/p>\n<p><span style='font-family: \"Verdana\",\"sans-serif\";'>Alla Camera\u00e8 in calendario la&nbsp;discussione del Def, il documento di economia e finanzache&nbsp;traccia le linee da seguire per ottenere il pareggio di&nbsp;bilancioentro il 2013. <\/span><span style='font-family: \"Verdana\",\"sans-serif\";'>E' l'economia, insomma, a tornare al centro del dibattito nonsolo in Italia. In particolare, la possibilit\u00e0 di invertire la&nbsp;tendenza apolitiche di austerity che hanno aggravato la recessione a favore di unaripresa. Su questo punto cruciale \u00e8 intervenuto ieri Mario<br \/>Draghi, presidente della Banca centrale europea, in una&nbsp;audizione alParlamento europeo. Draghi ha auspicato un colpo&nbsp;d'ala da parte deigoverni europei perch\u00e9 \"un<br \/>consolidamento fiscale attuato solo attraverso l'aumento&nbsp;delle tasse \u00e8sicuramente recessivo. Sarebbe meglio tagliare&nbsp;spese improduttive, manell'urgenza \u00e8 pi\u00f9 facile aumentare&nbsp;le tasse\".<\/span><\/p>\n<p><span style='font-family: \"Verdana\",\"sans-serif\";'>AngelaMerkel, in attesa di conoscere il risultato delle&nbsp;elezioni presidenzialiin Francia che potrebbero bocciare la&nbsp;rielezione di Nicolas Sarkozy, d\u00e0ragione al presidente<br \/>della Bce e rivela di aver preso contatti con il governo&nbsp;italiano perpromuovere iniziative concrete per la crescita&nbsp;nel prossimo Consiglioeuropeo di giugno.<br \/>\"Abbiamo bisogno di crescita, come dice Draghi, che passi&nbsp;attraverso leriforme strutturali. noi abbiamo bisogno di&nbsp;crescita, crescita basata suiniziative permanenti, non solo&nbsp;su programmi di congiuntura\", hacommentato il cancelliere tedesco.&nbsp;<br \/>E il portavoce del governo tedesco Steffen Seibert, a&nbsp;proposito di un asseBerlino-Roma, ha confermato che c'\u00e8&nbsp;gi\u00e0 stato un incontro fra l'entouragedi Merkel e quello del&nbsp;presidente del Consiglio italiano.<\/span><\/p>\n<p><span style='font-family: \"Verdana\",\"sans-serif\";'>Ieri Montiha ribadito la linea del suo governo:&nbsp;\"Il rigore porter\u00e0 gradualmentea una crescita sostenibile&nbsp;e al lavoro. Per uscire dalla crisi nonesistono facili vie o<br \/>scorciatoie\". Parole che non sono piaciute a Susanna Camusso, segretariadella Cgil, che nel comizio a Milano per&nbsp;il 25 aprile ha attaccato ilgoverno che \"ha praticato molto rigore e poca equit\u00e0\". Anche FrancoisHollande, lo sfidante di Sarkozy, si dice d'&nbsp;accordo con il discorso didraghi sulla crescita: \"Senza di&nbsp;essa l'Europa non potr\u00e0 uscire dallacrisi. non voglio&nbsp;creare conflitti con la cancelliera tedesca Merkel.Ma&nbsp;neanche nascondere le differenze nelle nostre posizioni. Con&nbsp;lei,in caso di vittoria, avr\u00f2 discussioni ferme e&nbsp;amichevoli\".&nbsp;<\/span><\/p>\n","protected":false},"excerpt":{"rendered":"<p>Ilpresidente del Consiglio \u00e8&nbsp;a Bruxelles per una&nbsp;tavola rotonda suglistrumenti per la crescita economica organizzata dall&#8217;European BusinessSummit. E&#8217; l&#8217;occasione per un nuovo incontro con il presidente&#8230;<\/p>\n","protected":false},"author":2,"featured_media":0,"comment_status":"closed","ping_status":"closed","sticky":false,"template":"","format":"standard","meta":[],"categories":[49],"tags":[],"_links":{"self":[{"href":"https:\/\/www.cronacaonline.it\/index.php\/wp-json\/wp\/v2\/posts\/88386"}],"collection":[{"href":"https:\/\/www.cronacaonline.it\/index.php\/wp-json\/wp\/v2\/posts"}],"about":[{"href":"https:\/\/www.cronacaonline.it\/index.php\/wp-json\/wp\/v2\/types\/post"}],"author":[{"embeddable":true,"href":"https:\/\/www.cronacaonline.it\/index.php\/wp-json\/wp\/v2\/users\/2"}],"replies":[{"embeddable":true,"href":"https:\/\/www.cronacaonline.it\/index.php\/wp-json\/wp\/v2\/comments?post=88386"}],"version-history":[{"count":0,"href":"https:\/\/www.cronacaonline.it\/index.php\/wp-json\/wp\/v2\/posts\/88386\/revisions"}],"wp:attachment":[{"href":"https:\/\/www.cronacaonline.it\/index.php\/wp-json\/wp\/v2\/media?parent=88386"}],"wp:term":[{"taxonomy":"category","embeddable":true,"href":"https:\/\/www.cronacaonline.it\/index.php\/wp-json\/wp\/v2\/categories?post=88386"},{"taxonomy":"post_tag","embeddable":true,"href":"https:\/\/www.cronacaonline.it\/index.php\/wp-json\/wp\/v2\/tags?post=88386"}],"curies":[{"name":"wp","href":"https:\/\/api.w.org\/{rel}","templated":true}]}}