{"id":88385,"date":"2012-04-16T15:14:01","date_gmt":"2012-04-16T14:14:01","guid":{"rendered":"http:\/\/www.cronacaonline.it\/public\/content\/index.php\/16\/04\/2012\/gianluigi-mattietti-presenta-don-quichotte-di-jules-massenet-al-teatro-lirico-di-cagliari"},"modified":"2012-04-16T15:14:01","modified_gmt":"2012-04-16T14:14:01","slug":"gianluigi-mattietti-presenta-don-quichotte-di-jules-massenet-al-teatro-lirico-di-cagliari","status":"publish","type":"post","link":"https:\/\/www.cronacaonline.it\/index.php\/2012\/04\/16\/gianluigi-mattietti-presenta-don-quichotte-di-jules-massenet-al-teatro-lirico-di-cagliari\/","title":{"rendered":"Gianluigi Mattietti presenta Don Quichotte di Jules Massenet, al Teatro Lirico di Cagliari"},"content":{"rendered":"<p>Marted\u00ec 17 aprile, alle 17, nel foyer di platea del TeatroLirico, il musicologo <st1:personname w:st=\"on\" ProductID=\"Gianluigi Mattietti\">Gianluigi Mattietti<\/st1:personname> presenta l\u2019opera Don Quichotte di Jules Massenet,in un incontro con il pubblico intitolato Teatro epico, onirico, grottesco: il DonQuichotte di Massenet. La com\u00e9die h\u00e9roique in cinque atti inaugura, venerd\u00ec 20aprile alle 20.30 (turno A), la Stagione lirica e di balletto 2012 del TeatroLirico di Cagliari.<\/p>\n<p>L'ingresso alla presentazione \u00e8 libero.<\/p>\n<p>Gianluigi Mattietti - Nato a Roma nel 1962, si \u00e8 laureato inStoria della Musica all\u2019Universit\u00e0 degli Studi \u201cLa Sapienza\u201d della sua citt\u00e0 e,parallelamente, ha compiuto i suoi studi musicali al Conservatorio di Musica diSanta Cecilia, diplomandosi in musica elettronica ed in composizione. Haconseguito il titolo di dottore di ricerca in \u201cStoria e Analisi delle CultureMusicali\u201d: la sua tesi sulla musica recente di Aldo Clementi ha vinto il PremioLatina ed \u00e8 stata pubblicata dalla LIM. Ha ottenuto borse di studio dall\u2019IstitutoGoffredo Petrassi e della Paul Sacher Stiftung di Basilea, per ricerche sullamusica contemporanea. \u00c8 stato docente di composizione al Conservatorio Stataledi Musica \u201cGiovanni Pierluigi da Palestrina\u201d di Cagliari ed, attualmente,insegna Storia della Musica all\u2019Universit\u00e0 degli Studi di Cagliari. All\u2019attivit\u00e0di ricerca nel campo della musica d\u2019oggi e del teatro musicale, con particolareattenzione ai compositori italiani, affianca quella di critico musicale,collaborando con diverse riviste del settore.<\/p>\n<p>Don Quichotte viene replicato: domenica 22 aprile alle 17(turno D), marted\u00ec 24 aprile alle 20.30 (turno B), gioved\u00ec 26 aprile alle 20.30(turno F), venerd\u00ec 27 aprile alle 20.30 (turno C), sabato 28 aprile alle 19(turno G).<\/p>\n<p>La Stagione lirica e di balletto 2012 si avvale dellacollaborazione di: Fondazione Banco di Sardegna, Capitta &amp; Partners. Com<\/p>\n","protected":false},"excerpt":{"rendered":"<p>Marted\u00ec 17 aprile, alle 17, nel foyer di platea del TeatroLirico, il musicologo Gianluigi Mattietti presenta l\u2019opera Don Quichotte di Jules Massenet,in un incontro con&#8230;<\/p>\n","protected":false},"author":2,"featured_media":0,"comment_status":"closed","ping_status":"closed","sticky":false,"template":"","format":"standard","meta":[],"categories":[49],"tags":[],"_links":{"self":[{"href":"https:\/\/www.cronacaonline.it\/index.php\/wp-json\/wp\/v2\/posts\/88385"}],"collection":[{"href":"https:\/\/www.cronacaonline.it\/index.php\/wp-json\/wp\/v2\/posts"}],"about":[{"href":"https:\/\/www.cronacaonline.it\/index.php\/wp-json\/wp\/v2\/types\/post"}],"author":[{"embeddable":true,"href":"https:\/\/www.cronacaonline.it\/index.php\/wp-json\/wp\/v2\/users\/2"}],"replies":[{"embeddable":true,"href":"https:\/\/www.cronacaonline.it\/index.php\/wp-json\/wp\/v2\/comments?post=88385"}],"version-history":[{"count":0,"href":"https:\/\/www.cronacaonline.it\/index.php\/wp-json\/wp\/v2\/posts\/88385\/revisions"}],"wp:attachment":[{"href":"https:\/\/www.cronacaonline.it\/index.php\/wp-json\/wp\/v2\/media?parent=88385"}],"wp:term":[{"taxonomy":"category","embeddable":true,"href":"https:\/\/www.cronacaonline.it\/index.php\/wp-json\/wp\/v2\/categories?post=88385"},{"taxonomy":"post_tag","embeddable":true,"href":"https:\/\/www.cronacaonline.it\/index.php\/wp-json\/wp\/v2\/tags?post=88385"}],"curies":[{"name":"wp","href":"https:\/\/api.w.org\/{rel}","templated":true}]}}