{"id":88369,"date":"2012-04-27T15:14:01","date_gmt":"2012-04-27T14:14:01","guid":{"rendered":"http:\/\/www.cronacaonline.it\/public\/content\/index.php\/27\/04\/2012\/nasce-a-cagliari-prima-persona-sardegna-la-democrazia-fondata-sulla-partecipazione-popolare"},"modified":"2012-04-27T15:14:01","modified_gmt":"2012-04-27T14:14:01","slug":"nasce-a-cagliari-prima-persona-sardegna-la-democrazia-fondata-sulla-partecipazione-popolare","status":"publish","type":"post","link":"https:\/\/www.cronacaonline.it\/index.php\/2012\/04\/27\/nasce-a-cagliari-prima-persona-sardegna-la-democrazia-fondata-sulla-partecipazione-popolare\/","title":{"rendered":"Nasce a Cagliari \u201cPrima persona Sardegna\u201d, la democrazia fondata sulla partecipazione popolare"},"content":{"rendered":"<p>Lunedi prossimo nasce a Cagliari, \"Prima la Sardegna-Prima PersonaSardegna\". Lo hanno reso noto in un comunicato gli organizzatoridell'evento che \u00e8 previsto per il 30 aprile alle ore 16:00al THotel diCagliari.<\/p>\n<p>I relatori dell'evento, Antonello Angioni (Avvocato),Daniele Arras(imprenditore), Nicola Contini (Video maker\/regista), FabrizioFloris(Consulente), Carlo Costantino Licheri (Studente), Romina Mura (SindacodiSadali), Francesco Murgia (Ingegnere) Franco Pinna (Direttore GruppoAzioneLocale), Giovanni Pirisi (Direttore Camera di Commercio di Nuoro),FabrizioSelenu (Imprenditore settore ittico), Alessio Tola (DocenteUniversitario,Dipartimento di Scienze economiche ed aziendali della Universit\u00e0di Sassari),Gianbattista Usai (Dirigente Scolastico) Giuseppina Vacca (DocentediFotogrammetria, Facolt\u00e0 di Ingegneria di Cagliari), Stefania Versari(Avvocato\/Corecom Sardegna), Giulia Salis (Laureata in Economia - Operatrice diCallCenter), affermano ancora di aver selezionato professionisti appartenentialmondo dell'universit\u00e0, della ricerca, dell'imprenditoria e delleistituzioni,perch\u00e9 la \"democrazia \u00e8 plebiscito di tutti i giorni\" perquesto abbiamo volutoprivilegiare il punto di vista della gente comune.<\/p>\n<p>Interverr\u00e0 all'iniziativa l'On. Gianni Pittella, vicepresidentevicario delParlamento europeo, e coordiner\u00e0 e presenter\u00e0 il Presidente diPrima PersonaSardegna, Raimondo Schiavone.<\/p>\n<p>Prima Persona \u00e8 un'associazione politica e culturaleche crede e promuove unademocrazia fondata sulla partecipazione popolare.Senza partecipazione, infatti,gli ordinamenti democratici appassiscono e sitrasformano in sistemiautoreferenziali dalla debole legittimazione popolareoppure in regimiplebiscitari in cui l'eletto riceve carta bianca da un corpoelettorale passivoe atomizzato.<\/p>\n<p>L'iniziativa vedr\u00e0 la partecipazione di professionisti delmondo del lavoro,della ricerca e dell'Universit\u00e0, ciascuno racconter\u00e0 la suaesperienza in 5minuti, secondo una metodologia dinamica e innovativa. Lademocrazia \u00e8 plebiscitodi tutti i giorni e secondo questa logica saranno icittadini e non i politicidi professione a proporre idee e pensieri sullarealt\u00e0 civile e politicadell'Italia e dell'isola. Com-bs<\/p><\/p>\n","protected":false},"excerpt":{"rendered":"<p>Lunedi prossimo nasce a Cagliari, &#8220;Prima la Sardegna-Prima PersonaSardegna&#8221;. Lo hanno reso noto in un comunicato gli organizzatoridell&#8217;evento che \u00e8 previsto per il 30 aprile&#8230;<\/p>\n","protected":false},"author":2,"featured_media":0,"comment_status":"closed","ping_status":"closed","sticky":false,"template":"","format":"standard","meta":[],"categories":[49],"tags":[],"_links":{"self":[{"href":"https:\/\/www.cronacaonline.it\/index.php\/wp-json\/wp\/v2\/posts\/88369"}],"collection":[{"href":"https:\/\/www.cronacaonline.it\/index.php\/wp-json\/wp\/v2\/posts"}],"about":[{"href":"https:\/\/www.cronacaonline.it\/index.php\/wp-json\/wp\/v2\/types\/post"}],"author":[{"embeddable":true,"href":"https:\/\/www.cronacaonline.it\/index.php\/wp-json\/wp\/v2\/users\/2"}],"replies":[{"embeddable":true,"href":"https:\/\/www.cronacaonline.it\/index.php\/wp-json\/wp\/v2\/comments?post=88369"}],"version-history":[{"count":0,"href":"https:\/\/www.cronacaonline.it\/index.php\/wp-json\/wp\/v2\/posts\/88369\/revisions"}],"wp:attachment":[{"href":"https:\/\/www.cronacaonline.it\/index.php\/wp-json\/wp\/v2\/media?parent=88369"}],"wp:term":[{"taxonomy":"category","embeddable":true,"href":"https:\/\/www.cronacaonline.it\/index.php\/wp-json\/wp\/v2\/categories?post=88369"},{"taxonomy":"post_tag","embeddable":true,"href":"https:\/\/www.cronacaonline.it\/index.php\/wp-json\/wp\/v2\/tags?post=88369"}],"curies":[{"name":"wp","href":"https:\/\/api.w.org\/{rel}","templated":true}]}}