{"id":88354,"date":"2012-04-26T15:14:01","date_gmt":"2012-04-26T14:14:01","guid":{"rendered":"http:\/\/www.cronacaonline.it\/public\/content\/index.php\/26\/04\/2012\/a-cagliari-fine-settimana-intenso-per-forma-e-poesia-nel-jazz-domani-musica-etnica-made-in-sardinia-con-bruno-camedda-piazza-san-sepolcro-ore-21-sabato-elena-ledda-e-laia-genc-in-concerto-al-"},"modified":"2012-04-26T15:14:01","modified_gmt":"2012-04-26T14:14:01","slug":"a-cagliari-fine-settimana-intenso-per-forma-e-poesia-nel-jazz-domani-musica-etnica-made-in-sardinia-con-bruno-camedda-piazza-san-sepolcro-ore-21-sabato-elena-ledda-e-laia-genc-in-concerto-al-piccolo-a","status":"publish","type":"post","link":"https:\/\/www.cronacaonline.it\/index.php\/2012\/04\/26\/a-cagliari-fine-settimana-intenso-per-forma-e-poesia-nel-jazz-domani-musica-etnica-made-in-sardinia-con-bruno-camedda-piazza-san-sepolcro-ore-21-sabato-elena-ledda-e-laia-genc-in-concerto-al-piccolo-a\/","title":{"rendered":"A Cagliari fine settimana intenso per &#8220;Forma e poesia nel jazz&#8221;. Domani musica etnica &#8220;Made in Sardinia&#8221; con Bruno Camedda (piazza San Sepolcro, ore 21). Sabato Elena Ledda e Laia Genc in concerto al Piccolo Auditorium (ore 21) e domenica Rita Marcotulli con Javier Girotto."},"content":{"rendered":"<p>Terzo, intenso weekend per \"Forma e poesia nel jazz\", la rassegna organizzata a Cagliari dall'associazione culturale Shannara. Si comincia, domani sera (venerd\u00ec 27 aprile), con una nuova incursione nei territori della musica \"Made in Sardinia\": protagonista Bruno Camedda, in concerto dalle 21 in Piazza San Sepolcro (e non pi\u00f9 alle scalette Santa Teresa, come inizialmente previsto). <\/p>\n<p>Nato a Villacidro nel 1964, il fisarmonicista e organettista (ma \u00e8 anche violoncellista, con un diploma al Conservatorio di Avignone) \u00e8 impegnato da tempo sul campo della musica etnica come ricercatore, interprete e docente. La sua attivit\u00e0 di musicista, cominciata fin dall'adolescenza, lo vede esibirsi in Sardegna e all'estero: esprimendo con forte stile personale i linguaggi coreutico-musicali comuni all'intera isola, le sue performance si muovono fra la marcata aderenza alla grammatica strutturale della tradizione e il gusto jazzistico che sa imprimere. Attivo dal 1995 con Orlando Mascia e Paolo Zicca nel gruppo etnomusicale \"F\u00f9rias\", Bruno Camedda conta numerose collaborazioni con vari musicisti sardi - Franco Madau, Andrea Parodi, Duo di Oliena, Tenores di Neoneli, Sandra Ligas, Emanuele Garau, Antonello Puxeddu (Reverendo Jones), Trib\u00f9 Mediterranea, tra gli altri -, in concerto e in studio di registrazione (in alcuni casi anche come compositore e arrangiatore). Nel 2000 ha inciso il suo primo CD, \"Pesadas\", mentre \u00e8 del 2005 il secondo, \"Dodillas\". <\/p>\n<p>Sabato (28 aprile) \"Forma e poesia nel jazz\" riprende il suo cammino attraverso i duo, leitmotiv di questa edizione. La rassegna si tinge di rosa con Elena Ledda e Laia Genc, al centro dei riflettori del Piccolo Auditorium a partire dalle 21. Quello tra la cantante isolana e la pianista berlinese, \u00e8 l'incontro fra due forti e distinte personalit\u00e0 artistiche e umane, accomunate da una grande sensibilit\u00e0 musicale e da un grande passione per la propria terra e le proprie radici culturali: una schiettamente sarda e mediterranea, l'altra austeramente tedesca ma condita dalle sue origini turche. <\/p>\n<p>Domenica (29 aprile) densa di impegni per \"Forma e poesia nel jazz\". In mattinata, doppio appuntamento in piazzetta Savoia. Alle 11 viene presentato \"Blue Train\", un nuovo programma di intrattenimento e informazione musicale ideato, curato e condotto da Simone Cavagnino su Unica Radio, la webradio degli studenti dell'Universit\u00e0 di Cagliari. A seguire, intorno a mezzogiorno, spazio alla musica dal vivo con un duo di jazzisti romani, il sassofonista Daniele Tittarelli e il chitarrista Enrico Bracco. <\/p>\n<p>Poi, in serata (ore 21), ancora un concerto di cartello al Piccolo Auditorium: protagonisti, la pianista Rita Marcotulli, musicista italiana dell'anno all'ultimo referendum della rivista Musica Jazz, in duo con il sassofonista argentino (ma di chiare origini italiane e da lungo tempo trapiantato nel nostro Paese) Javier Girotto. <\/p>\n","protected":false},"excerpt":{"rendered":"<p>Terzo, intenso weekend per &#8220;Forma e poesia nel jazz&#8221;, la rassegna organizzata a Cagliari dall&#8217;associazione culturale Shannara. Si comincia, domani sera (venerd\u00ec 27 aprile), con&#8230;<\/p>\n","protected":false},"author":2,"featured_media":0,"comment_status":"closed","ping_status":"closed","sticky":false,"template":"","format":"standard","meta":[],"categories":[49],"tags":[],"_links":{"self":[{"href":"https:\/\/www.cronacaonline.it\/index.php\/wp-json\/wp\/v2\/posts\/88354"}],"collection":[{"href":"https:\/\/www.cronacaonline.it\/index.php\/wp-json\/wp\/v2\/posts"}],"about":[{"href":"https:\/\/www.cronacaonline.it\/index.php\/wp-json\/wp\/v2\/types\/post"}],"author":[{"embeddable":true,"href":"https:\/\/www.cronacaonline.it\/index.php\/wp-json\/wp\/v2\/users\/2"}],"replies":[{"embeddable":true,"href":"https:\/\/www.cronacaonline.it\/index.php\/wp-json\/wp\/v2\/comments?post=88354"}],"version-history":[{"count":0,"href":"https:\/\/www.cronacaonline.it\/index.php\/wp-json\/wp\/v2\/posts\/88354\/revisions"}],"wp:attachment":[{"href":"https:\/\/www.cronacaonline.it\/index.php\/wp-json\/wp\/v2\/media?parent=88354"}],"wp:term":[{"taxonomy":"category","embeddable":true,"href":"https:\/\/www.cronacaonline.it\/index.php\/wp-json\/wp\/v2\/categories?post=88354"},{"taxonomy":"post_tag","embeddable":true,"href":"https:\/\/www.cronacaonline.it\/index.php\/wp-json\/wp\/v2\/tags?post=88354"}],"curies":[{"name":"wp","href":"https:\/\/api.w.org\/{rel}","templated":true}]}}