{"id":88346,"date":"2012-04-27T15:14:01","date_gmt":"2012-04-27T14:14:01","guid":{"rendered":"http:\/\/www.cronacaonline.it\/public\/content\/index.php\/27\/04\/2012\/nel-75esimo-anniversario-della-sua-morte-cagliari-ricorda-antonio-gramsci"},"modified":"2012-04-27T15:14:01","modified_gmt":"2012-04-27T14:14:01","slug":"nel-75esimo-anniversario-della-sua-morte-cagliari-ricorda-antonio-gramsci","status":"publish","type":"post","link":"https:\/\/www.cronacaonline.it\/index.php\/2012\/04\/27\/nel-75esimo-anniversario-della-sua-morte-cagliari-ricorda-antonio-gramsci\/","title":{"rendered":"Nel 75esimo anniversario della sua morte, Cagliari ricorda Antonio Gramsci."},"content":{"rendered":"<p><span style='font-family: \"Times New Roman\",\"serif\";'>Nel75esimo anniversario della sua morte, Cagliari ricorda Antonio Gramsci. Lo facon la posa di una targa sulla facciata dell'ex liceo ginnasio Dettori, inpiazzetta Dettori, nel cuore della Marina, dove il filosofo e politico sardostudi\u00f2 dal 1908 al 1911.<\/span><\/p>\n<p><span style='font-family: \"Times New Roman\",\"serif\";'>Unatarga in marmo bianco, con il profilo di Gramsci e la frase \u201cIstruitevi perch\u00e9avremo bisogno di tutta la nostra intelligenza, fortemente voluta dall'IstitutoGramsci che da diversi anni sollecitava le istituzioni per la posa.Sollecitazioni che hanno trovato risposta nel Comune, nella Provincia e nellaRegione: \u00abCi pensavamo da tanto tempo\u00bb, ha spiegato il direttore Eugenio Orr\u00f9,\u00abed \u00e8 grave che abbiamo dovuto attendere tanto. Ma \u00e8 bello che oggi questatarga ci sia e quel messaggio sia ben visibile a tutti\u00bb.<\/span><\/p>\n<p><span style='font-family: \"Times New Roman\",\"serif\";'>\u00abQuelloche colpisce, di Antonio Gramsci, \u00e8 la forza del pensiero\u00bb, ha sottolineato ilsindaco Massimo Zedda: \u00abEra un uomo piccolo, non poteva incutere timore fisico.Eppure spaventava governi e dittature. Da recluso riusc\u00ec a scrivere testi cheoggi sono studiati in tutto il mondo, e pensare a un ragazzo di una universit\u00e0americana che oggi legge di Ales e Ghilarza, due piccoli paesi della Sardegna,fa capire l'importanza del suo pensiero. Che deve essere un incoraggiamento,oggi, per i nostri giovani affinch\u00e9 non vedano la nostra isola come un recintoma come un campo da cui guardare al mondo con curiosit\u00e0 e con la voglia dicambiarlo. Con la certezza che solo attraverso l'istruzione e la cultura sipossano fare passi in avanti\u00bb.<\/span><\/p>\n<p><span style='font-family: \"Times New Roman\",\"serif\";'>\u00abDispiace\u00bb,ha continuato il sindaco, \u00abche proprio in piazza Gramsci, nel centro dellacitt\u00e0, nei giorni scorsi si sia svolta una manifestazione fascista percommemorare i morti della repubblica di Sal\u00f2. C'\u00e8 un'altra data, percommemorare i morti, ed \u00e8 il due novembre: mi auguro che dal prossimo 25 aprilenon ci siano pi\u00f9 appuntamenti di quel tipo. E' per questo che la memoria \u00e8importante: manca ancora, ad esempio, a Cagliari, una targa per Emilio Lussu inpiazza Costituzione. Quello che serve \u00e8 un ricordo collettivo: lavoriamo perch\u00e9dal prossimo anno, 70esimo anniversario dei bombardamenti su Cagliari, sia vivoin tutti noi. La citt\u00e0 non fu bombardata per caso, come qualcuno vuole farcredere: le bombe caddero sulle nostre case perch\u00e9 l'Italia fascista eraalleata con i nazisti\u00bb. Com<\/span><\/p>\n","protected":false},"excerpt":{"rendered":"<p>Nel75esimo anniversario della sua morte, Cagliari ricorda Antonio Gramsci. Lo facon la posa di una targa sulla facciata dell&#8217;ex liceo ginnasio Dettori, inpiazzetta Dettori, nel&#8230;<\/p>\n","protected":false},"author":2,"featured_media":0,"comment_status":"closed","ping_status":"closed","sticky":false,"template":"","format":"standard","meta":[],"categories":[49],"tags":[],"_links":{"self":[{"href":"https:\/\/www.cronacaonline.it\/index.php\/wp-json\/wp\/v2\/posts\/88346"}],"collection":[{"href":"https:\/\/www.cronacaonline.it\/index.php\/wp-json\/wp\/v2\/posts"}],"about":[{"href":"https:\/\/www.cronacaonline.it\/index.php\/wp-json\/wp\/v2\/types\/post"}],"author":[{"embeddable":true,"href":"https:\/\/www.cronacaonline.it\/index.php\/wp-json\/wp\/v2\/users\/2"}],"replies":[{"embeddable":true,"href":"https:\/\/www.cronacaonline.it\/index.php\/wp-json\/wp\/v2\/comments?post=88346"}],"version-history":[{"count":0,"href":"https:\/\/www.cronacaonline.it\/index.php\/wp-json\/wp\/v2\/posts\/88346\/revisions"}],"wp:attachment":[{"href":"https:\/\/www.cronacaonline.it\/index.php\/wp-json\/wp\/v2\/media?parent=88346"}],"wp:term":[{"taxonomy":"category","embeddable":true,"href":"https:\/\/www.cronacaonline.it\/index.php\/wp-json\/wp\/v2\/categories?post=88346"},{"taxonomy":"post_tag","embeddable":true,"href":"https:\/\/www.cronacaonline.it\/index.php\/wp-json\/wp\/v2\/tags?post=88346"}],"curies":[{"name":"wp","href":"https:\/\/api.w.org\/{rel}","templated":true}]}}