{"id":88299,"date":"2012-04-17T15:14:01","date_gmt":"2012-04-17T14:14:01","guid":{"rendered":"http:\/\/www.cronacaonline.it\/public\/content\/index.php\/17\/04\/2012\/libera-sandra-mariani-era-stata-rapita-nel-febbraio-2011"},"modified":"2012-04-17T15:14:01","modified_gmt":"2012-04-17T14:14:01","slug":"libera-sandra-mariani-era-stata-rapita-nel-febbraio-2011","status":"publish","type":"post","link":"https:\/\/www.cronacaonline.it\/index.php\/2012\/04\/17\/libera-sandra-mariani-era-stata-rapita-nel-febbraio-2011\/","title":{"rendered":"Libera Sandra Mariani: Era stata rapita nel febbraio 2011"},"content":{"rendered":"<p>Maria Sandra Mariani, la turista italiana rapita nelfebbraio 2011 nel sud dell'Algeria, \u00e8 stata liberata: lo riferisce Al Arabiya.Mariani si troverebbe in questo momento nel Burkina Faso. Sandra Mariani, 53anni, di San Casciano Val di Pesa (Firenze), era stata rapita il due febbraionella provincia meridionale algerina di Alidena, dove si trovava per turismo.Un gruppo di uomini armati a bordo di un fuoristrada la prelev\u00f2 insieme a unaguida e a un cuoco, che furono poi rilasciati. Se la notizia sar\u00e0 confermata,si tratterebbe della liberazione dell'italiano da pi\u00f9 tempo in mano ai rapitori.<\/p>\n<p>La Farnesina e lo stesso ministro degli Esteri, GiulioTerzi, personalmente e attraverso l'Unit\u00e0 di Crisi, sta seguendo costantementegli sviluppi. Sono in corso le verifiche, ha fatto sapere il ministero degliEsteri.<\/p>\n","protected":false},"excerpt":{"rendered":"<p>Maria Sandra Mariani, la turista italiana rapita nelfebbraio 2011 nel sud dell&#8217;Algeria, \u00e8 stata liberata: lo riferisce Al Arabiya.Mariani si troverebbe in questo momento nel&#8230;<\/p>\n","protected":false},"author":2,"featured_media":0,"comment_status":"closed","ping_status":"closed","sticky":false,"template":"","format":"standard","meta":[],"categories":[49],"tags":[],"_links":{"self":[{"href":"https:\/\/www.cronacaonline.it\/index.php\/wp-json\/wp\/v2\/posts\/88299"}],"collection":[{"href":"https:\/\/www.cronacaonline.it\/index.php\/wp-json\/wp\/v2\/posts"}],"about":[{"href":"https:\/\/www.cronacaonline.it\/index.php\/wp-json\/wp\/v2\/types\/post"}],"author":[{"embeddable":true,"href":"https:\/\/www.cronacaonline.it\/index.php\/wp-json\/wp\/v2\/users\/2"}],"replies":[{"embeddable":true,"href":"https:\/\/www.cronacaonline.it\/index.php\/wp-json\/wp\/v2\/comments?post=88299"}],"version-history":[{"count":0,"href":"https:\/\/www.cronacaonline.it\/index.php\/wp-json\/wp\/v2\/posts\/88299\/revisions"}],"wp:attachment":[{"href":"https:\/\/www.cronacaonline.it\/index.php\/wp-json\/wp\/v2\/media?parent=88299"}],"wp:term":[{"taxonomy":"category","embeddable":true,"href":"https:\/\/www.cronacaonline.it\/index.php\/wp-json\/wp\/v2\/categories?post=88299"},{"taxonomy":"post_tag","embeddable":true,"href":"https:\/\/www.cronacaonline.it\/index.php\/wp-json\/wp\/v2\/tags?post=88299"}],"curies":[{"name":"wp","href":"https:\/\/api.w.org\/{rel}","templated":true}]}}