{"id":88296,"date":"2012-04-26T15:14:01","date_gmt":"2012-04-26T14:14:01","guid":{"rendered":"http:\/\/www.cronacaonline.it\/public\/content\/index.php\/26\/04\/2012\/pregiudicato-appena-uscito-dal-carcere-ruba-una-macchina-arrestato-nuovamente-dai-carabinieri-per-furto-dauto"},"modified":"2012-04-26T15:14:01","modified_gmt":"2012-04-26T14:14:01","slug":"pregiudicato-appena-uscito-dal-carcere-ruba-una-macchina-arrestato-nuovamente-dai-carabinieri-per-furto-dauto","status":"publish","type":"post","link":"https:\/\/www.cronacaonline.it\/index.php\/2012\/04\/26\/pregiudicato-appena-uscito-dal-carcere-ruba-una-macchina-arrestato-nuovamente-dai-carabinieri-per-furto-dauto\/","title":{"rendered":"Pregiudicato appena uscito dal carcere ruba una macchina, arrestato nuovamente dai carabinieri per furto d\u2019auto."},"content":{"rendered":"<p>Nel pomeriggio di oggi, i Carabinieri della Stazione diMarrubiu, hanno arrestato Davide Concu, di 39 anni, pregiudicato di Terralba,bloccato subito dopo aver rubato un\u2019auto nel paese.<\/p>\n<p>I militari, impegnati in un servizio di controllo delterritorio, dopo aver ricevuto l\u2019allarme, da parte della Centrale Operativa delComando Provinciale di Oristano, circa l\u2019avvenuto furto di una utilitaria neipressi di un bar, sono riusciti ad intercettarla nella periferia del paese doveConcu alla vista della pattuglia dell\u2019Arma ha tentato di dileguarsiabbandonando il veicolo e dandosi alla fuga tra i campi circostanti ma dopo unbreve tratto \u00e8 stato raggiunto e bloccato.<\/p>\n<p>L\u2019arrestato, che era stato scarcerato poche ore prima dallacasa circondariale di Oristano dove aveva scontato una pena per furtoaggravato, dopo le formalit\u00e0 di rito, \u00e8 stato accompagnato presso il propriodomicilio, in regime di arresti domiciliari, come disposto dalla competenteAutorit\u00e0 Giudiziaria, in attesa dell\u2019udienza di convalida.<\/p>\n","protected":false},"excerpt":{"rendered":"<p>Nel pomeriggio di oggi, i Carabinieri della Stazione diMarrubiu, hanno arrestato Davide Concu, di 39 anni, pregiudicato di Terralba,bloccato subito dopo aver rubato un\u2019auto nel&#8230;<\/p>\n","protected":false},"author":2,"featured_media":0,"comment_status":"closed","ping_status":"closed","sticky":false,"template":"","format":"standard","meta":[],"categories":[49],"tags":[],"_links":{"self":[{"href":"https:\/\/www.cronacaonline.it\/index.php\/wp-json\/wp\/v2\/posts\/88296"}],"collection":[{"href":"https:\/\/www.cronacaonline.it\/index.php\/wp-json\/wp\/v2\/posts"}],"about":[{"href":"https:\/\/www.cronacaonline.it\/index.php\/wp-json\/wp\/v2\/types\/post"}],"author":[{"embeddable":true,"href":"https:\/\/www.cronacaonline.it\/index.php\/wp-json\/wp\/v2\/users\/2"}],"replies":[{"embeddable":true,"href":"https:\/\/www.cronacaonline.it\/index.php\/wp-json\/wp\/v2\/comments?post=88296"}],"version-history":[{"count":0,"href":"https:\/\/www.cronacaonline.it\/index.php\/wp-json\/wp\/v2\/posts\/88296\/revisions"}],"wp:attachment":[{"href":"https:\/\/www.cronacaonline.it\/index.php\/wp-json\/wp\/v2\/media?parent=88296"}],"wp:term":[{"taxonomy":"category","embeddable":true,"href":"https:\/\/www.cronacaonline.it\/index.php\/wp-json\/wp\/v2\/categories?post=88296"},{"taxonomy":"post_tag","embeddable":true,"href":"https:\/\/www.cronacaonline.it\/index.php\/wp-json\/wp\/v2\/tags?post=88296"}],"curies":[{"name":"wp","href":"https:\/\/api.w.org\/{rel}","templated":true}]}}