{"id":88281,"date":"2012-04-17T15:14:01","date_gmt":"2012-04-17T14:14:01","guid":{"rendered":"http:\/\/www.cronacaonline.it\/public\/content\/index.php\/17\/04\/2012\/ue-uggias-idv-basta-con-le-offese-borghezio-pensi-alla-sua-padania-invece-di-parlare-a-sproposito-della-sardegna"},"modified":"2012-04-17T15:14:01","modified_gmt":"2012-04-17T14:14:01","slug":"ue-uggias-idv-basta-con-le-offese-borghezio-pensi-alla-sua-padania-invece-di-parlare-a-sproposito-della-sardegna","status":"publish","type":"post","link":"https:\/\/www.cronacaonline.it\/index.php\/2012\/04\/17\/ue-uggias-idv-basta-con-le-offese-borghezio-pensi-alla-sua-padania-invece-di-parlare-a-sproposito-della-sardegna\/","title":{"rendered":"Ue: Uggias (Idv): Basta con le offese: Borghezio pensi alla sua &#8220;Padania&#8221; invece di parlare a sproposito della Sardegna&#8221;"},"content":{"rendered":"<p>\"Basta con le offese. Borghezio parli quanto vuoledella Padania, ma la smetta di danneggiare l'immagine altrui\".&nbsp;Questala risposta di Giommaria Uggias, europarlamentare sardo dell'Italia dei Valori,a seguito dell'ennesima boutade mediatica di Mario Borghezio, deputato europeodella Lega Nord&nbsp;lanciata durante un'intervista radiofonica.<\/p>\n<p>\"Periodicamente il collega leghista tira fuori dal suocilindro esternazioni e iniziative quanto mai controverse e singolari. Comequella volta che si \u00e9 adoperato per desecretare gli atti sugli avvistamentidegli UFO. Oppure di recente, quando ha accusato i giovani come Rossella Urru,che decidono di dedicare la loro vita ad aiutare i popoli meno fortunati, diessere seguaci di una moda radical chic\".<\/p>\n<p>\"Ho sempre evitato di commentare le uscite del collegaleghista, perch\u00e9 ritengo che dietro ciascuna di esse vi sia una ricercavolontaria di notoriet\u00e0, ma quando \u00e9 troppo \u00e9 troppo: Borghezio lasci in pacela Sardegna e le altre regioni del Sud\". L'europarlamentare sardoconclude&nbsp;con una battuta:&nbsp;\"Proviamo a vendere&nbsp;Borghezioinveceche la Sardegna, anche se non credo ci saranno molti acquirenti. Qualora non lovolesse nessuno mettiamo un'inserzione per cercare urgentemente un filtroanti-idiozie&nbsp;da applicare alla bocca del padano\"<\/p>\n","protected":false},"excerpt":{"rendered":"<p>&#8220;Basta con le offese. Borghezio parli quanto vuoledella Padania, ma la smetta di danneggiare l&#8217;immagine altrui&#8221;.&nbsp;Questala risposta di Giommaria Uggias, europarlamentare sardo dell&#8217;Italia dei Valori,a&#8230;<\/p>\n","protected":false},"author":2,"featured_media":0,"comment_status":"closed","ping_status":"closed","sticky":false,"template":"","format":"standard","meta":[],"categories":[49],"tags":[],"_links":{"self":[{"href":"https:\/\/www.cronacaonline.it\/index.php\/wp-json\/wp\/v2\/posts\/88281"}],"collection":[{"href":"https:\/\/www.cronacaonline.it\/index.php\/wp-json\/wp\/v2\/posts"}],"about":[{"href":"https:\/\/www.cronacaonline.it\/index.php\/wp-json\/wp\/v2\/types\/post"}],"author":[{"embeddable":true,"href":"https:\/\/www.cronacaonline.it\/index.php\/wp-json\/wp\/v2\/users\/2"}],"replies":[{"embeddable":true,"href":"https:\/\/www.cronacaonline.it\/index.php\/wp-json\/wp\/v2\/comments?post=88281"}],"version-history":[{"count":0,"href":"https:\/\/www.cronacaonline.it\/index.php\/wp-json\/wp\/v2\/posts\/88281\/revisions"}],"wp:attachment":[{"href":"https:\/\/www.cronacaonline.it\/index.php\/wp-json\/wp\/v2\/media?parent=88281"}],"wp:term":[{"taxonomy":"category","embeddable":true,"href":"https:\/\/www.cronacaonline.it\/index.php\/wp-json\/wp\/v2\/categories?post=88281"},{"taxonomy":"post_tag","embeddable":true,"href":"https:\/\/www.cronacaonline.it\/index.php\/wp-json\/wp\/v2\/tags?post=88281"}],"curies":[{"name":"wp","href":"https:\/\/api.w.org\/{rel}","templated":true}]}}