{"id":88222,"date":"2012-04-18T15:14:01","date_gmt":"2012-04-18T14:14:01","guid":{"rendered":"http:\/\/www.cronacaonline.it\/public\/content\/index.php\/18\/04\/2012\/secondo-weekend-a-cagliari-con-forma-e-poesia-nel-jazz"},"modified":"2012-04-18T15:14:01","modified_gmt":"2012-04-18T14:14:01","slug":"secondo-weekend-a-cagliari-con-forma-e-poesia-nel-jazz","status":"publish","type":"post","link":"https:\/\/www.cronacaonline.it\/index.php\/2012\/04\/18\/secondo-weekend-a-cagliari-con-forma-e-poesia-nel-jazz\/","title":{"rendered":"Secondo weekend a Cagliari con &#8220;Forma e poesia nel jazz&#8221;."},"content":{"rendered":"<p><span style='background: white; color: black; line-height: 115%; font-family: \"Candara\",\"sans-serif\"; font-size: 9pt; mso-fareast-font-family: \"Times New Roman\"; mso-bidi-font-family: \"Times New Roman\"; mso-fareast-language: IT;'>Si aprecon un'inversione di date il secondo weekend di \"Forma e poesia neljazz\", la rassegna organizzata a Cagliari dall'associazione culturaleShannara, che lo scorso fine settimana ha tagliato il nastro inaugurale dellasua edizione numero quindici. Venerd\u00ec (20 aprile) sar\u00e0 infatti Nicola Agus(inizialmente in programma il 27), anzich\u00e9 Bruno Camedda (che slitta invece diuna settimana), il protagonista del primo appuntamento della serie \"Madein Sardinia\", la \"sezione\" della rassegna dedicata ai musicistiisolani fra tradizione e innovazione: si comincia alle 21 nell'insolitoscenario delle scalette Santa Teresa, di fronte al Vicious Bar, uno dei luoghidi questa edizione di \"Forma e poesia nel jazz\" che fa base nelquartiere Marina. <\/span><\/p>\n<p><span style='background: white; color: black; line-height: 115%; font-family: \"Candara\",\"sans-serif\"; font-size: 9pt; mso-fareast-font-family: \"Times New Roman\"; mso-bidi-font-family: \"Times New Roman\"; mso-fareast-language: IT;'>Cagliaritano,classe 1982, Nicola Agus \u00e8 un polistrumentista di grande talento. Cresciuto acontatto con la musica sia colta che popolare, ha studiato diversi strumenti,come l'oboe, la fisarmonica, le cornamuse. Ma \u00e8 alle prese con le launeddas chesa dare il meglio di s\u00e9, utilizzando l'arcaico strumento-simbolo della musicatradizionale sarda per colorare brani moderni con suoni che provengono da unlontano passato ma che vivono nel presente. <\/span><\/p>\n<p><span style='background: white; color: black; line-height: 115%; font-family: \"Candara\",\"sans-serif\"; font-size: 9pt; mso-fareast-font-family: \"Times New Roman\"; mso-bidi-font-family: \"Times New Roman\"; mso-fareast-language: IT;'>Ilsecondo fine settimana di \"Forma e poesia nel jazz\" prosegue sabato(21 aprile) con un doppio appuntamento al Piccolo Auditorium in piazzettaDettori: alle 19 (biglietto a tre euro) si proietta \"Round Midnight\",il film girato nel 1986 da Bertrand Tavernier che racconta la storiaimmaginaria (ma non troppo) di un sassofonista americano, ex-alcolizzato, nellaParigi del secondo dopoguerra. Interamente costruito in uno scenario notturno,cupo, e in un'atmosfera malinconica e a volte disperata, \"Round Midnight\"ha certamente ispirato anche \"Bird\", il film di Clint Eastwood inprogramma la settimana scorsa per \"Forma e poesia nel jazz\", proprioper il tema dell\u2019artista maledetto e della musica jazz come componenteessenziale della cultura americana. <\/span><\/p>\n<p><span style='background: white; color: black; line-height: 115%; font-family: \"Candara\",\"sans-serif\"; font-size: 9pt; mso-fareast-font-family: \"Times New Roman\"; mso-bidi-font-family: \"Times New Roman\"; mso-fareast-language: IT;'>Aseguire, sempre al Piccolo Auditorium intorno alle 21:30, spazio alla seconda eultima degustazione della serie \"A occhi chiusi\" ideatadall'associazione Essencesound: i partecipanti, rigorosamente bendati, verrannoguidati da Davide Orro (dell'azienda vinicola-alimentare Famiglia Orro, diTramazta) in un percorso sensoriale alla scoperta del patrimonioenograstronomico isolano attraverso assaggi di prodotti sardi di qualit\u00e0: vino,olive, formaggi, pane carasau, conserve alimentari. La degustazione \u00e8 a numerochiuso: cinquanta partecipanti al massimo. Info e prenotazioni al 3488997055.La quota di iscrizione \u00e8 di otto euro. <\/span><\/p>\n<p><span style='background: white; color: black; line-height: 115%; font-family: \"Candara\",\"sans-serif\"; font-size: 9pt; mso-fareast-font-family: \"Times New Roman\"; mso-bidi-font-family: \"Times New Roman\"; mso-fareast-language: IT;'>Domenica(22 aprile), a chiudere il secondo weekend di \"Forma e poesia neljazz\", ritorna la musica dal vivo con uno dei concerti di cartello diquesta edizione tutta all'insegna dei duo: protagonisti al Piccolo Auditorium,a partire dalle ore 21, Marco Tamburini (tromba) e Dado Moroni (pianoforte).Amicizia e collaborazioni ultraventennali legano il trombettista cesenate e ilpianista genovese, accomunati dalla medesima passione per la musica edall'esigenza di esprimere le proprie emozioni attraverso i rispettivistrumenti. Da queste affinit\u00e0 nasce il felice dialogo artistico fra duejazzisti capaci di guardare alla musica con orecchie e cuore sempre aperti, inuna miscela che affonda le radici nella tradizione del linguaggio afroamericanoe nella cantabilit\u00e0 mediterranea. <\/span><\/p>\n<p><span style='background: white; color: black; line-height: 115%; font-family: \"Candara\",\"sans-serif\"; font-size: 9pt; mso-fareast-font-family: \"Times New Roman\"; mso-bidi-font-family: \"Times New Roman\"; mso-fareast-language: IT;'>&nbsp;<\/span><\/p>\n<p><span style='background: white; color: black; line-height: 115%; font-family: \"Candara\",\"sans-serif\"; font-size: 9pt; mso-fareast-font-family: \"Times New Roman\"; mso-bidi-font-family: \"Times New Roman\"; mso-fareast-language: IT;'>Ibiglietti, a quindici euro (pi\u00f9 due euro diritti di prevendita), si possonoacquistare al Box Office di Cagliari, in viale Regina Margherita, 43 (tel.070657428).<\/span><\/p>\n","protected":false},"excerpt":{"rendered":"<p>Si aprecon un&#8217;inversione di date il secondo weekend di &#8220;Forma e poesia neljazz&#8221;, la rassegna organizzata a Cagliari dall&#8217;associazione culturaleShannara, che lo scorso fine settimana&#8230;<\/p>\n","protected":false},"author":2,"featured_media":0,"comment_status":"closed","ping_status":"closed","sticky":false,"template":"","format":"standard","meta":[],"categories":[49],"tags":[],"_links":{"self":[{"href":"https:\/\/www.cronacaonline.it\/index.php\/wp-json\/wp\/v2\/posts\/88222"}],"collection":[{"href":"https:\/\/www.cronacaonline.it\/index.php\/wp-json\/wp\/v2\/posts"}],"about":[{"href":"https:\/\/www.cronacaonline.it\/index.php\/wp-json\/wp\/v2\/types\/post"}],"author":[{"embeddable":true,"href":"https:\/\/www.cronacaonline.it\/index.php\/wp-json\/wp\/v2\/users\/2"}],"replies":[{"embeddable":true,"href":"https:\/\/www.cronacaonline.it\/index.php\/wp-json\/wp\/v2\/comments?post=88222"}],"version-history":[{"count":0,"href":"https:\/\/www.cronacaonline.it\/index.php\/wp-json\/wp\/v2\/posts\/88222\/revisions"}],"wp:attachment":[{"href":"https:\/\/www.cronacaonline.it\/index.php\/wp-json\/wp\/v2\/media?parent=88222"}],"wp:term":[{"taxonomy":"category","embeddable":true,"href":"https:\/\/www.cronacaonline.it\/index.php\/wp-json\/wp\/v2\/categories?post=88222"},{"taxonomy":"post_tag","embeddable":true,"href":"https:\/\/www.cronacaonline.it\/index.php\/wp-json\/wp\/v2\/tags?post=88222"}],"curies":[{"name":"wp","href":"https:\/\/api.w.org\/{rel}","templated":true}]}}