{"id":88217,"date":"2012-04-18T15:14:01","date_gmt":"2012-04-18T14:14:01","guid":{"rendered":"http:\/\/www.cronacaonline.it\/public\/content\/index.php\/18\/04\/2012\/giunta-via-libera-autorizzazione-per-galsi"},"modified":"2012-04-18T15:14:01","modified_gmt":"2012-04-18T14:14:01","slug":"giunta-via-libera-autorizzazione-per-galsi","status":"publish","type":"post","link":"https:\/\/www.cronacaonline.it\/index.php\/2012\/04\/18\/giunta-via-libera-autorizzazione-per-galsi\/","title":{"rendered":"Giunta: via libera autorizzazione per Galsi"},"content":{"rendered":"<p>La Giunta regionale su proposta del presidente dellaRegione, Ugo Cappellacci, di concerto con gli assessorati dell\u2019industria, delladifesa dell\u2019ambiente e degli enti locali, ha deliberato l\u2019intesa perl\u2019autorizzazione alla realizzazione e all\u2019esercizio del metanodotto Galsi.Considerato il valore strategico del progetto, al fine di consentire la pi\u00f9rapida conclusione del procedimento, si pone la condizione che i lavori venganoavviati entro 12 mesi dall\u2019approvazione finale del gasdotto.<\/p>\n<p>La realizzazione del progetto Galsi \u00e8 per la Sardegnaun\u2019opera &nbsp;infrastrutturale decisiva perch\u00e9 permetter\u00e0 di ridurre del 40% icosti energetici. &nbsp;La delibera approvata&nbsp;oggi rientra nelle tappeconclusive dell'iter autorizzativo, avviato nel luglio del 2008. Il Galsi,metanodotto che porter\u00e0 il gas dall'Algeria all'Italia, passando per laSardegna, ha gi\u00e0 ottenuto il parere positivo di compatibilit\u00e0 ambientale dalMinistero dell\u2019Ambiente e il via libera dalla Conferenza nazionale dei servizi.A questo punto il Ministero dello Sviluppo Economico potr\u00e0 esprimersi per ilrilascio dell\u2019Autorizzazione Unica alla realizzazione del gasdotto che avr\u00e0 unacapacit\u00e0 di 8 miliardi di metri cubi di gas all\u2019anno.&nbsp;Com<\/p>\n","protected":false},"excerpt":{"rendered":"<p>La Giunta regionale su proposta del presidente dellaRegione, Ugo Cappellacci, di concerto con gli assessorati dell\u2019industria, delladifesa dell\u2019ambiente e degli enti locali, ha deliberato l\u2019intesa&#8230;<\/p>\n","protected":false},"author":2,"featured_media":0,"comment_status":"closed","ping_status":"closed","sticky":false,"template":"","format":"standard","meta":[],"categories":[49],"tags":[],"_links":{"self":[{"href":"https:\/\/www.cronacaonline.it\/index.php\/wp-json\/wp\/v2\/posts\/88217"}],"collection":[{"href":"https:\/\/www.cronacaonline.it\/index.php\/wp-json\/wp\/v2\/posts"}],"about":[{"href":"https:\/\/www.cronacaonline.it\/index.php\/wp-json\/wp\/v2\/types\/post"}],"author":[{"embeddable":true,"href":"https:\/\/www.cronacaonline.it\/index.php\/wp-json\/wp\/v2\/users\/2"}],"replies":[{"embeddable":true,"href":"https:\/\/www.cronacaonline.it\/index.php\/wp-json\/wp\/v2\/comments?post=88217"}],"version-history":[{"count":0,"href":"https:\/\/www.cronacaonline.it\/index.php\/wp-json\/wp\/v2\/posts\/88217\/revisions"}],"wp:attachment":[{"href":"https:\/\/www.cronacaonline.it\/index.php\/wp-json\/wp\/v2\/media?parent=88217"}],"wp:term":[{"taxonomy":"category","embeddable":true,"href":"https:\/\/www.cronacaonline.it\/index.php\/wp-json\/wp\/v2\/categories?post=88217"},{"taxonomy":"post_tag","embeddable":true,"href":"https:\/\/www.cronacaonline.it\/index.php\/wp-json\/wp\/v2\/tags?post=88217"}],"curies":[{"name":"wp","href":"https:\/\/api.w.org\/{rel}","templated":true}]}}