{"id":88205,"date":"2012-04-18T15:14:00","date_gmt":"2012-04-18T14:14:00","guid":{"rendered":"http:\/\/www.cronacaonline.it\/public\/content\/index.php\/18\/04\/2012\/comune-stintino-avvia-recupero-della-torre-della-pelosa-linizio-dei-lavori-previsto-in-settimana"},"modified":"2012-04-18T15:14:00","modified_gmt":"2012-04-18T14:14:00","slug":"comune-stintino-avvia-recupero-della-torre-della-pelosa-linizio-dei-lavori-previsto-in-settimana","status":"publish","type":"post","link":"https:\/\/www.cronacaonline.it\/index.php\/2012\/04\/18\/comune-stintino-avvia-recupero-della-torre-della-pelosa-linizio-dei-lavori-previsto-in-settimana\/","title":{"rendered":"Comune Stintino avvia recupero della torre della Pelosa: l\u2019inizio dei lavori previsto in settimana."},"content":{"rendered":"<p>Nuovo restyling per la torre della Pelosa. Nei giorni scorsiinfatti l'amministrazione comunale guidata da Antonio Diana ha aggiudicato lagara per i lavori di \"Consolidamento e recupero della torre della Pelosa\". Unintervento di restauro conservativo che vedr\u00e0 all'opera, nell'area consegnatadalla Soprintendenza per i beni archeologici, gli operai della ditta vincitricedell'appalto, Idea Costruzioni srl di Sassari con sede in viale Adua. L'impresavenerd\u00ec sigler\u00e0 il contratto e il verbale di consegna lavori.<\/p>\n<p><span style=\"mso-spacerun: yes;\">&nbsp;<\/span>Le operazioni direstauro conservativo avranno un costo totale di 135mila euro e saranno finanziaticon ricorso a fondi regionali, per 94.500 euro, e a un cofinanziatodall'amministrazione comunale, per un importo di 40.500 euro.<\/p>\n<p>L'impresa dovr\u00e0 eliminare le parti in cattive condizioni chepoi dovranno essere rinforzate con malte e materiali compatibili.<\/p>\n<p>L'inizio dei lavori \u00e8 chiaramente legato alle condizionimeteorologiche, ma dall'Ufficio tecnico comunale non escludono che possanoiniziare anche la prossima settimana. La nuova ditta avr\u00e0 a disposizione 90giorni di tempo per completare le opere.<\/p>\n<p>Insieme alla spiaggia gioiello di Stintino, la torre aragonesedella Pelosa \u00e8 il simbolo della Sardegna. Basta guardare le pubblicit\u00e0 estiveche riempiono i quotidiani per vedere svettare sullo sfondo la torre sorta allafine del Cinquecento.<\/p>\n<p>Su quel piccolo isolotto gli operai c'erano gi\u00e0 arrivati tramarzo e aprile del 2009 per un progetto di recupero della torre realizzatodalla Soprintendenza per i beni ambientali, architettonici, artistici e storicidi Sassari. I lavori di restauro conservativo, affidati a una impresa edilesassarese, Solinas Cp Srl, ed eseguiti sotto il controllo della Soprintendenza,si erano poi conclusi nel luglio del 2010.<\/p>\n<p>Gli operai erano arrivati sull'isolotto via mare, con deigommoni, e via cielo, con un elicottero con il quale erano state trasportate leattrezzature pi\u00f9 pesanti.<\/p>\n<p>Adesso la nuova ditta \u2013 fanno sapere dell'Ufficio tecnicocomunale \u2013 avr\u00e0 a disposizione un budget di circa 14mila euro che dovr\u00e0 essereutilizzato per il trasporto dei materiali. Si ipotizza gi\u00e0 l'utilizzo digommoni, una chiatta e anche un elicottero. Com<\/p>\n","protected":false},"excerpt":{"rendered":"<p>Nuovo restyling per la torre della Pelosa. Nei giorni scorsiinfatti l&#8217;amministrazione comunale guidata da Antonio Diana ha aggiudicato lagara per i lavori di &#8220;Consolidamento e&#8230;<\/p>\n","protected":false},"author":2,"featured_media":0,"comment_status":"closed","ping_status":"closed","sticky":false,"template":"","format":"standard","meta":[],"categories":[49],"tags":[],"_links":{"self":[{"href":"https:\/\/www.cronacaonline.it\/index.php\/wp-json\/wp\/v2\/posts\/88205"}],"collection":[{"href":"https:\/\/www.cronacaonline.it\/index.php\/wp-json\/wp\/v2\/posts"}],"about":[{"href":"https:\/\/www.cronacaonline.it\/index.php\/wp-json\/wp\/v2\/types\/post"}],"author":[{"embeddable":true,"href":"https:\/\/www.cronacaonline.it\/index.php\/wp-json\/wp\/v2\/users\/2"}],"replies":[{"embeddable":true,"href":"https:\/\/www.cronacaonline.it\/index.php\/wp-json\/wp\/v2\/comments?post=88205"}],"version-history":[{"count":0,"href":"https:\/\/www.cronacaonline.it\/index.php\/wp-json\/wp\/v2\/posts\/88205\/revisions"}],"wp:attachment":[{"href":"https:\/\/www.cronacaonline.it\/index.php\/wp-json\/wp\/v2\/media?parent=88205"}],"wp:term":[{"taxonomy":"category","embeddable":true,"href":"https:\/\/www.cronacaonline.it\/index.php\/wp-json\/wp\/v2\/categories?post=88205"},{"taxonomy":"post_tag","embeddable":true,"href":"https:\/\/www.cronacaonline.it\/index.php\/wp-json\/wp\/v2\/tags?post=88205"}],"curies":[{"name":"wp","href":"https:\/\/api.w.org\/{rel}","templated":true}]}}